{"id":2915,"date":"2023-07-20T10:17:12","date_gmt":"2023-07-20T16:17:12","guid":{"rendered":"https:\/\/www.ideafoodsafetyinnovation.com\/sitio\/?p=2915"},"modified":"2023-07-20T10:26:30","modified_gmt":"2023-07-20T16:26:30","slug":"proteccion-al-consumidor","status":"publish","type":"post","link":"http:\/\/www.ideafoodsafetyinnovation.com\/sitio\/noticias\/proteccion-al-consumidor\/","title":{"rendered":"Protecci\u00f3n al consumidor"},"content":{"rendered":"\n[et_pb_section fb_built=\u00bb1&#8243; _builder_version=\u00bb4.16&#8243; _module_preset=\u00bbdefault\u00bb global_colors_info=\u00bb{}\u00bb theme_builder_area=\u00bbpost_content\u00bb][et_pb_row column_structure=\u00bb1_2,1_2&#8243; _builder_version=\u00bb4.19.2&#8243; _module_preset=\u00bbdefault\u00bb custom_margin=\u00bb||0px||false|false\u00bb custom_padding=\u00bb||0px||false|false\u00bb global_colors_info=\u00bb{}\u00bb theme_builder_area=\u00bbpost_content\u00bb][et_pb_column type=\u00bb1_2&#8243; _builder_version=\u00bb4.16&#8243; _module_preset=\u00bbdefault\u00bb global_colors_info=\u00bb{}\u00bb theme_builder_area=\u00bbpost_content\u00bb][et_pb_text _builder_version=\u00bb4.21.0&#8243; _module_preset=\u00bbdefault\u00bb text_orientation=\u00bbjustified\u00bb hover_enabled=\u00bb0&#8243; global_colors_info=\u00bb{}\u00bb theme_builder_area=\u00bbpost_content\u00bb sticky_enabled=\u00bb0&#8243;]Te invitamos a reflexionar, investigar y concientizar m\u00e1s sobre Protecci\u00f3n al consumidor. [\/et_pb_text][et_pb_text _builder_version=\u00bb4.21.0&#8243; _module_preset=\u00bbdefault\u00bb text_orientation=\u00bbjustified\u00bb hover_enabled=\u00bb0&#8243; global_colors_info=\u00bb{}\u00bb theme_builder_area=\u00bbpost_content\u00bb sticky_enabled=\u00bb0&#8243; custom_margin=\u00bb||5px||false|false\u00bb]<h4>Derechos del consumidor<\/h4>\n<ul>\n<li>El derecho humano a la alimentaci\u00f3n.<\/li>\n<li>Garant\u00eda de la inocuidad de los alimentos por parte de los pa\u00edses.<\/li>\n<li>Derecho al reclamo y compensaci\u00f3n por da\u00f1o o perjuicio.<\/li>\n<\/ul>[\/et_pb_text][et_pb_text _builder_version=\u00bb4.21.0&#8243; _module_preset=\u00bbdefault\u00bb text_orientation=\u00bbjustified\u00bb hover_enabled=\u00bb0&#8243; global_colors_info=\u00bb{}\u00bb theme_builder_area=\u00bbpost_content\u00bb sticky_enabled=\u00bb0&#8243; custom_margin=\u00bb||5px||false|false\u00bb]<h4>Etiquetado<\/h4>\n<ul>\n<li>Etiquetado correcto y libre de publicidad enga\u00f1osa.<\/li>\n<li>Alergias e intolerancias alimentarias.<\/li>\n<li>Uso correcto de aditivos.<\/li>\n<li>Adulteraci\u00f3n no intencional y\/o por motivaci\u00f3n econ\u00f3mica.<\/li>\n<\/ul>[\/et_pb_text][et_pb_text _builder_version=\u00bb4.21.0&#8243; _module_preset=\u00bbdefault\u00bb text_orientation=\u00bbjustified\u00bb hover_enabled=\u00bb0&#8243; global_colors_info=\u00bb{}\u00bb theme_builder_area=\u00bbpost_content\u00bb sticky_enabled=\u00bb0&#8243; custom_margin=\u00bb||5px||false|false\u00bb]<h4>Poblaci\u00f3n vulnerable<\/h4>\n<ul>\n<li>Lactantes.<\/li>\n<li>Ni\u00f1os peque\u00f1os (menores de 5 a\u00f1os).<\/li>\n<li>Embarazadas.<\/li>\n<li>Personas mayores.<\/li>\n<li>Personas con enfermedades subyacentes.<\/li>\n<\/ul>[\/et_pb_text][\/et_pb_column][et_pb_column type=\u00bb1_2&#8243; _builder_version=\u00bb4.16&#8243; _module_preset=\u00bbdefault\u00bb global_colors_info=\u00bb{}\u00bb theme_builder_area=\u00bbpost_content\u00bb][et_pb_image src=\u00bbhttp:\/\/www.ideafoodsafetyinnovation.com\/sitio\/wp-content\/uploads\/2023\/07\/consumidores.jpg\u00bb title_text=\u00bbconsumidores\u00bb _builder_version=\u00bb4.21.0&#8243; _module_preset=\u00bbdefault\u00bb hover_enabled=\u00bb0&#8243; global_colors_info=\u00bb{}\u00bb theme_builder_area=\u00bbpost_content\u00bb sticky_enabled=\u00bb0&#8243;][\/et_pb_image][\/et_pb_column][\/et_pb_row][et_pb_row _builder_version=\u00bb4.21.0&#8243; _module_preset=\u00bbdefault\u00bb theme_builder_area=\u00bbpost_content\u00bb column_structure=\u00bb1_2,1_2&#8243;][et_pb_column _builder_version=\u00bb4.21.0&#8243; _module_preset=\u00bbdefault\u00bb type=\u00bb1_2&#8243; theme_builder_area=\u00bbpost_content\u00bb][et_pb_text _builder_version=\u00bb4.21.0&#8243; _module_preset=\u00bbdefault\u00bb text_orientation=\u00bbjustified\u00bb hover_enabled=\u00bb0&#8243; global_colors_info=\u00bb{}\u00bb theme_builder_area=\u00bbpost_content\u00bb sticky_enabled=\u00bb0&#8243;]<h4>Accidentes de consumo<\/h4>\n<ul>\n<li>Atragantamiento y asfixia.<\/li>\n<li>Dise\u00f1o de producto.<\/li>\n<li>Leyendas precautorias de etiquetado.<\/li>\n<li>Capacitaci\u00f3n en la maniobra de Heimlich en establecimientos de venta y consumo de alimentos.<\/li>\n<\/ul>[\/et_pb_text][\/et_pb_column][et_pb_column _builder_version=\u00bb4.21.0&#8243; _module_preset=\u00bbdefault\u00bb type=\u00bb1_2&#8243; theme_builder_area=\u00bbpost_content\u00bb][et_pb_text _builder_version=\u00bb4.21.0&#8243; _module_preset=\u00bbdefault\u00bb text_orientation=\u00bbjustified\u00bb hover_enabled=\u00bb0&#8243; global_colors_info=\u00bb{}\u00bb theme_builder_area=\u00bbpost_content\u00bb sticky_enabled=\u00bb0&#8243;]<h4>Personas marginadas<\/h4>\n<ul>\n<li>Personas vulnerables y marginadas, especialmente a las poblaciones sujetas a los conflictos y la migraci\u00f3n.<\/li>\n<li>Donaci\u00f3n de alimentos oportuna y con garant\u00eda de inocuidad.<\/li>\n<\/ul>[\/et_pb_text][\/et_pb_column][\/et_pb_row][et_pb_row _builder_version=\u00bb4.21.0&#8243; _module_preset=\u00bbdefault\u00bb theme_builder_area=\u00bbpost_content\u00bb hover_enabled=\u00bb0&#8243; sticky_enabled=\u00bb0&#8243;][et_pb_column _builder_version=\u00bb4.21.0&#8243; _module_preset=\u00bbdefault\u00bb type=\u00bb4_4&#8243; theme_builder_area=\u00bbpost_content\u00bb][et_pb_text _builder_version=\u00bb4.21.0&#8243; _module_preset=\u00bbdefault\u00bb text_orientation=\u00bbcenter\u00bb hover_enabled=\u00bb0&#8243; global_colors_info=\u00bb{}\u00bb theme_builder_area=\u00bbpost_content\u00bb sticky_enabled=\u00bb0&#8243;]<h4>\u00bfC\u00f3mo aplicar\u00edas estas reglas en la inocuidad alimentaria?<\/h4>\n<p><strong>Regla de oro:<\/strong> Trata a los dem\u00e1s como quieres que te traten a ti.<br \/><strong>Regla de plata:<\/strong> No hagas a los dem\u00e1s lo que no quieres que te hagan a ti.<\/p>[\/et_pb_text][\/et_pb_column][\/et_pb_row][\/et_pb_section]\n","protected":false},"excerpt":{"rendered":"<p>Te invitamos a reflexionar, investigar y concientizar m\u00e1s sobre Protecci\u00f3n al consumidor. Derechos del consumidor El derecho humano a la alimentaci\u00f3n. Garant\u00eda de la inocuidad de los alimentos por parte de los pa\u00edses. Derecho al reclamo y compensaci\u00f3n por da\u00f1o o perjuicio. Etiquetado Etiquetado correcto y libre de publicidad enga\u00f1osa. Alergias e intolerancias alimentarias. Uso [&hellip;]<\/p>\n","protected":false},"author":3,"featured_media":2919,"comment_status":"open","ping_status":"open","sticky":false,"template":"","format":"standard","meta":{"_et_pb_use_builder":"on","_et_pb_old_content":"","_et_gb_content_width":"1080","footnotes":""},"categories":[1],"tags":[],"class_list":["post-2915","post","type-post","status-publish","format-standard","has-post-thumbnail","hentry","category-noticias"],"yoast_head":"<!-- This site is optimized with the Yoast SEO plugin v25.3.1 - https:\/\/yoast.com\/wordpress\/plugins\/seo\/ -->\n<title>Protecci\u00f3n al consumidor - FSI<\/title>\n<meta name=\"robots\" content=\"index, follow, max-snippet:-1, max-image-preview:large, max-video-preview:-1\" \/>\n<link rel=\"canonical\" href=\"http:\/\/www.ideafoodsafetyinnovation.com\/sitio\/noticias\/proteccion-al-consumidor\/\" \/>\n<meta property=\"og:locale\" content=\"es_ES\" \/>\n<meta property=\"og:type\" content=\"article\" \/>\n<meta property=\"og:title\" content=\"Protecci\u00f3n al consumidor - FSI\" \/>\n<meta property=\"og:description\" content=\"Te invitamos a reflexionar, investigar y concientizar m\u00e1s sobre Protecci\u00f3n al consumidor. Derechos del consumidor El derecho humano a la alimentaci\u00f3n. Garant\u00eda de la inocuidad de los alimentos por parte de los pa\u00edses. Derecho al reclamo y compensaci\u00f3n por da\u00f1o o perjuicio. Etiquetado Etiquetado correcto y libre de publicidad enga\u00f1osa. Alergias e intolerancias alimentarias. Uso [&hellip;]\" \/>\n<meta property=\"og:url\" content=\"http:\/\/www.ideafoodsafetyinnovation.com\/sitio\/noticias\/proteccion-al-consumidor\/\" \/>\n<meta property=\"og:site_name\" content=\"FSI\" \/>\n<meta property=\"article:published_time\" content=\"2023-07-20T16:17:12+00:00\" \/>\n<meta property=\"article:modified_time\" content=\"2023-07-20T16:26:30+00:00\" \/>\n<meta property=\"og:image\" content=\"http:\/\/www.ideafoodsafetyinnovation.com\/sitio\/wp-content\/uploads\/2023\/07\/consumidores.jpg\" \/>\n\t<meta property=\"og:image:width\" content=\"600\" \/>\n\t<meta property=\"og:image:height\" content=\"600\" \/>\n\t<meta property=\"og:image:type\" content=\"image\/jpeg\" \/>\n<meta name=\"author\" content=\"Claudia Margarita Rodr\u00edguez Garza\" \/>\n<meta name=\"twitter:card\" content=\"summary_large_image\" \/>\n<meta name=\"twitter:label1\" content=\"Escrito por\" \/>\n\t<meta name=\"twitter:data1\" content=\"Claudia Margarita Rodr\u00edguez Garza\" \/>\n\t<meta name=\"twitter:label2\" content=\"Tiempo de lectura\" \/>\n\t<meta name=\"twitter:data2\" content=\"2 minutos\" \/>\n<script type=\"application\/ld+json\" class=\"yoast-schema-graph\">{\"@context\":\"https:\/\/schema.org\",\"@graph\":[{\"@type\":\"WebPage\",\"@id\":\"http:\/\/www.ideafoodsafetyinnovation.com\/sitio\/noticias\/proteccion-al-consumidor\/\",\"url\":\"http:\/\/www.ideafoodsafetyinnovation.com\/sitio\/noticias\/proteccion-al-consumidor\/\",\"name\":\"Protecci\u00f3n al consumidor - FSI\",\"isPartOf\":{\"@id\":\"https:\/\/www.ideafoodsafetyinnovation.com\/sitio\/#website\"},\"primaryImageOfPage\":{\"@id\":\"http:\/\/www.ideafoodsafetyinnovation.com\/sitio\/noticias\/proteccion-al-consumidor\/#primaryimage\"},\"image\":{\"@id\":\"http:\/\/www.ideafoodsafetyinnovation.com\/sitio\/noticias\/proteccion-al-consumidor\/#primaryimage\"},\"thumbnailUrl\":\"http:\/\/www.ideafoodsafetyinnovation.com\/sitio\/wp-content\/uploads\/2023\/07\/consumidores.jpg\",\"datePublished\":\"2023-07-20T16:17:12+00:00\",\"dateModified\":\"2023-07-20T16:26:30+00:00\",\"author\":{\"@id\":\"https:\/\/www.ideafoodsafetyinnovation.com\/sitio\/#\/schema\/person\/dd767ce08ff477742d453558f94a4673\"},\"breadcrumb\":{\"@id\":\"http:\/\/www.ideafoodsafetyinnovation.com\/sitio\/noticias\/proteccion-al-consumidor\/#breadcrumb\"},\"inLanguage\":\"es\",\"potentialAction\":[{\"@type\":\"ReadAction\",\"target\":[\"http:\/\/www.ideafoodsafetyinnovation.com\/sitio\/noticias\/proteccion-al-consumidor\/\"]}]},{\"@type\":\"ImageObject\",\"inLanguage\":\"es\",\"@id\":\"http:\/\/www.ideafoodsafetyinnovation.com\/sitio\/noticias\/proteccion-al-consumidor\/#primaryimage\",\"url\":\"http:\/\/www.ideafoodsafetyinnovation.com\/sitio\/wp-content\/uploads\/2023\/07\/consumidores.jpg\",\"contentUrl\":\"http:\/\/www.ideafoodsafetyinnovation.com\/sitio\/wp-content\/uploads\/2023\/07\/consumidores.jpg\",\"width\":600,\"height\":600},{\"@type\":\"BreadcrumbList\",\"@id\":\"http:\/\/www.ideafoodsafetyinnovation.com\/sitio\/noticias\/proteccion-al-consumidor\/#breadcrumb\",\"itemListElement\":[{\"@type\":\"ListItem\",\"position\":1,\"name\":\"Portada\",\"item\":\"https:\/\/www.ideafoodsafetyinnovation.com\/sitio\/\"},{\"@type\":\"ListItem\",\"position\":2,\"name\":\"Protecci\u00f3n al consumidor\"}]},{\"@type\":\"WebSite\",\"@id\":\"https:\/\/www.ideafoodsafetyinnovation.com\/sitio\/#website\",\"url\":\"https:\/\/www.ideafoodsafetyinnovation.com\/sitio\/\",\"name\":\"FSI\",\"description\":\"Cursos\",\"potentialAction\":[{\"@type\":\"SearchAction\",\"target\":{\"@type\":\"EntryPoint\",\"urlTemplate\":\"https:\/\/www.ideafoodsafetyinnovation.com\/sitio\/?s={search_term_string}\"},\"query-input\":{\"@type\":\"PropertyValueSpecification\",\"valueRequired\":true,\"valueName\":\"search_term_string\"}}],\"inLanguage\":\"es\"},{\"@type\":\"Person\",\"@id\":\"https:\/\/www.ideafoodsafetyinnovation.com\/sitio\/#\/schema\/person\/dd767ce08ff477742d453558f94a4673\",\"name\":\"Claudia Margarita Rodr\u00edguez Garza\",\"image\":{\"@type\":\"ImageObject\",\"inLanguage\":\"es\",\"@id\":\"https:\/\/www.ideafoodsafetyinnovation.com\/sitio\/#\/schema\/person\/image\/\",\"url\":\"https:\/\/secure.gravatar.com\/avatar\/8f478a1112fe9921abf43113306a6757ed647ba855e503429ededec5801669f0?s=96&d=mm&r=g\",\"contentUrl\":\"https:\/\/secure.gravatar.com\/avatar\/8f478a1112fe9921abf43113306a6757ed647ba855e503429ededec5801669f0?s=96&d=mm&r=g\",\"caption\":\"Claudia Margarita Rodr\u00edguez Garza\"},\"url\":\"http:\/\/www.ideafoodsafetyinnovation.com\/sitio\/author\/soporte_portal-media\/\"}]}<\/script>\n<!-- \/ Yoast SEO plugin. -->","yoast_head_json":{"title":"Protecci\u00f3n al consumidor - FSI","robots":{"index":"index","follow":"follow","max-snippet":"max-snippet:-1","max-image-preview":"max-image-preview:large","max-video-preview":"max-video-preview:-1"},"canonical":"http:\/\/www.ideafoodsafetyinnovation.com\/sitio\/noticias\/proteccion-al-consumidor\/","og_locale":"es_ES","og_type":"article","og_title":"Protecci\u00f3n al consumidor - FSI","og_description":"Te invitamos a reflexionar, investigar y concientizar m\u00e1s sobre Protecci\u00f3n al consumidor. Derechos del consumidor El derecho humano a la alimentaci\u00f3n. Garant\u00eda de la inocuidad de los alimentos por parte de los pa\u00edses. Derecho al reclamo y compensaci\u00f3n por da\u00f1o o perjuicio. Etiquetado Etiquetado correcto y libre de publicidad enga\u00f1osa. Alergias e intolerancias alimentarias. Uso [&hellip;]","og_url":"http:\/\/www.ideafoodsafetyinnovation.com\/sitio\/noticias\/proteccion-al-consumidor\/","og_site_name":"FSI","article_published_time":"2023-07-20T16:17:12+00:00","article_modified_time":"2023-07-20T16:26:30+00:00","og_image":[{"width":600,"height":600,"url":"http:\/\/www.ideafoodsafetyinnovation.com\/sitio\/wp-content\/uploads\/2023\/07\/consumidores.jpg","type":"image\/jpeg"}],"author":"Claudia Margarita Rodr\u00edguez Garza","twitter_card":"summary_large_image","twitter_misc":{"Escrito por":"Claudia Margarita Rodr\u00edguez Garza","Tiempo de lectura":"2 minutos"},"schema":{"@context":"https:\/\/schema.org","@graph":[{"@type":"WebPage","@id":"http:\/\/www.ideafoodsafetyinnovation.com\/sitio\/noticias\/proteccion-al-consumidor\/","url":"http:\/\/www.ideafoodsafetyinnovation.com\/sitio\/noticias\/proteccion-al-consumidor\/","name":"Protecci\u00f3n al consumidor - FSI","isPartOf":{"@id":"https:\/\/www.ideafoodsafetyinnovation.com\/sitio\/#website"},"primaryImageOfPage":{"@id":"http:\/\/www.ideafoodsafetyinnovation.com\/sitio\/noticias\/proteccion-al-consumidor\/#primaryimage"},"image":{"@id":"http:\/\/www.ideafoodsafetyinnovation.com\/sitio\/noticias\/proteccion-al-consumidor\/#primaryimage"},"thumbnailUrl":"http:\/\/www.ideafoodsafetyinnovation.com\/sitio\/wp-content\/uploads\/2023\/07\/consumidores.jpg","datePublished":"2023-07-20T16:17:12+00:00","dateModified":"2023-07-20T16:26:30+00:00","author":{"@id":"https:\/\/www.ideafoodsafetyinnovation.com\/sitio\/#\/schema\/person\/dd767ce08ff477742d453558f94a4673"},"breadcrumb":{"@id":"http:\/\/www.ideafoodsafetyinnovation.com\/sitio\/noticias\/proteccion-al-consumidor\/#breadcrumb"},"inLanguage":"es","potentialAction":[{"@type":"ReadAction","target":["http:\/\/www.ideafoodsafetyinnovation.com\/sitio\/noticias\/proteccion-al-consumidor\/"]}]},{"@type":"ImageObject","inLanguage":"es","@id":"http:\/\/www.ideafoodsafetyinnovation.com\/sitio\/noticias\/proteccion-al-consumidor\/#primaryimage","url":"http:\/\/www.ideafoodsafetyinnovation.com\/sitio\/wp-content\/uploads\/2023\/07\/consumidores.jpg","contentUrl":"http:\/\/www.ideafoodsafetyinnovation.com\/sitio\/wp-content\/uploads\/2023\/07\/consumidores.jpg","width":600,"height":600},{"@type":"BreadcrumbList","@id":"http:\/\/www.ideafoodsafetyinnovation.com\/sitio\/noticias\/proteccion-al-consumidor\/#breadcrumb","itemListElement":[{"@type":"ListItem","position":1,"name":"Portada","item":"https:\/\/www.ideafoodsafetyinnovation.com\/sitio\/"},{"@type":"ListItem","position":2,"name":"Protecci\u00f3n al consumidor"}]},{"@type":"WebSite","@id":"https:\/\/www.ideafoodsafetyinnovation.com\/sitio\/#website","url":"https:\/\/www.ideafoodsafetyinnovation.com\/sitio\/","name":"FSI","description":"Cursos","potentialAction":[{"@type":"SearchAction","target":{"@type":"EntryPoint","urlTemplate":"https:\/\/www.ideafoodsafetyinnovation.com\/sitio\/?s={search_term_string}"},"query-input":{"@type":"PropertyValueSpecification","valueRequired":true,"valueName":"search_term_string"}}],"inLanguage":"es"},{"@type":"Person","@id":"https:\/\/www.ideafoodsafetyinnovation.com\/sitio\/#\/schema\/person\/dd767ce08ff477742d453558f94a4673","name":"Claudia Margarita Rodr\u00edguez Garza","image":{"@type":"ImageObject","inLanguage":"es","@id":"https:\/\/www.ideafoodsafetyinnovation.com\/sitio\/#\/schema\/person\/image\/","url":"https:\/\/secure.gravatar.com\/avatar\/8f478a1112fe9921abf43113306a6757ed647ba855e503429ededec5801669f0?s=96&d=mm&r=g","contentUrl":"https:\/\/secure.gravatar.com\/avatar\/8f478a1112fe9921abf43113306a6757ed647ba855e503429ededec5801669f0?s=96&d=mm&r=g","caption":"Claudia Margarita Rodr\u00edguez Garza"},"url":"http:\/\/www.ideafoodsafetyinnovation.com\/sitio\/author\/soporte_portal-media\/"}]}},"_links":{"self":[{"href":"http:\/\/www.ideafoodsafetyinnovation.com\/sitio\/wp-json\/wp\/v2\/posts\/2915","targetHints":{"allow":["GET"]}}],"collection":[{"href":"http:\/\/www.ideafoodsafetyinnovation.com\/sitio\/wp-json\/wp\/v2\/posts"}],"about":[{"href":"http:\/\/www.ideafoodsafetyinnovation.com\/sitio\/wp-json\/wp\/v2\/types\/post"}],"author":[{"embeddable":true,"href":"http:\/\/www.ideafoodsafetyinnovation.com\/sitio\/wp-json\/wp\/v2\/users\/3"}],"replies":[{"embeddable":true,"href":"http:\/\/www.ideafoodsafetyinnovation.com\/sitio\/wp-json\/wp\/v2\/comments?post=2915"}],"version-history":[{"count":4,"href":"http:\/\/www.ideafoodsafetyinnovation.com\/sitio\/wp-json\/wp\/v2\/posts\/2915\/revisions"}],"predecessor-version":[{"id":2921,"href":"http:\/\/www.ideafoodsafetyinnovation.com\/sitio\/wp-json\/wp\/v2\/posts\/2915\/revisions\/2921"}],"wp:featuredmedia":[{"embeddable":true,"href":"http:\/\/www.ideafoodsafetyinnovation.com\/sitio\/wp-json\/wp\/v2\/media\/2919"}],"wp:attachment":[{"href":"http:\/\/www.ideafoodsafetyinnovation.com\/sitio\/wp-json\/wp\/v2\/media?parent=2915"}],"wp:term":[{"taxonomy":"category","embeddable":true,"href":"http:\/\/www.ideafoodsafetyinnovation.com\/sitio\/wp-json\/wp\/v2\/categories?post=2915"},{"taxonomy":"post_tag","embeddable":true,"href":"http:\/\/www.ideafoodsafetyinnovation.com\/sitio\/wp-json\/wp\/v2\/tags?post=2915"}],"curies":[{"name":"wp","href":"https:\/\/api.w.org\/{rel}","templated":true}]}}