{"id":3713,"date":"2024-08-05T17:04:49","date_gmt":"2024-08-05T23:04:49","guid":{"rendered":"https:\/\/www.ideafoodsafetyinnovation.com\/sitio\/?p=3713"},"modified":"2025-02-23T13:39:29","modified_gmt":"2025-02-23T19:39:29","slug":"caso-7-anafilaxia-por-leguminosas-reporte-de-un-caso-de-alergia-alimentaria","status":"publish","type":"post","link":"http:\/\/www.ideafoodsafetyinnovation.com\/sitio\/casos-de-aprendizaje\/caso-7-anafilaxia-por-leguminosas-reporte-de-un-caso-de-alergia-alimentaria\/","title":{"rendered":"Caso #7 Anafilaxia por leguminosas: reporte de un caso de alergia alimentaria"},"content":{"rendered":"<p>[et_pb_section fb_built=\u00bb1&#8243; _builder_version=\u00bb4.27.2&#8243; _module_preset=\u00bbdefault\u00bb hover_enabled=\u00bb0&#8243; global_colors_info=\u00bb{}\u00bb custom_margin=\u00bb0px||0px||true|false\u00bb custom_padding=\u00bb0px||0px||true|false\u00bb sticky_enabled=\u00bb0&#8243;][et_pb_row _builder_version=\u00bb4.19.2&#8243; _module_preset=\u00bbdefault\u00bb custom_margin=\u00bb||0px||false|false\u00bb custom_padding=\u00bb||0px||false|false\u00bb global_colors_info=\u00bb{}\u00bb][et_pb_column type=\u00bb4_4&#8243; _builder_version=\u00bb4.16&#8243; _module_preset=\u00bbdefault\u00bb global_colors_info=\u00bb{}\u00bb][et_pb_button button_url=\u00bbhttp:\/\/www.ideafoodsafetyinnovation.com\/sitio\/wp-content\/uploads\/2024\/12\/Estudio-de-casos-FSI-2024-Caso-7.pdf\u00bb url_new_window=\u00bbon\u00bb button_text=\u00bbDescarga el Caso en PDF\u00bb button_alignment=\u00bbcenter\u00bb _builder_version=\u00bb4.27.2&#8243; _module_preset=\u00bbdefault\u00bb custom_button=\u00bbon\u00bb button_bg_color=\u00bb#7f3078&#8243; button_border_width=\u00bb16px\u00bb button_border_color=\u00bb#7f3078&#8243; button_icon=\u00bb&#xe092;||divi||400&#8243; button_icon_placement=\u00bbleft\u00bb button_on_hover=\u00bboff\u00bb background_layout=\u00bbdark\u00bb global_colors_info=\u00bb{}\u00bb][\/et_pb_button][et_pb_text _builder_version=\u00bb4.27.2&#8243; _module_preset=\u00bbdefault\u00bb header_2_text_color=\u00bb#a2427e\u00bb header_2_font_size=\u00bb20px\u00bb text_orientation=\u00bbjustified\u00bb custom_margin=\u00bb||15px||false|false\u00bb hover_enabled=\u00bb0&#8243; global_colors_info=\u00bb{}\u00bb sticky_enabled=\u00bb0&#8243;]<\/p>\n<h1>Anafilaxia por leguminosas: reporte de un caso de alergia alimentaria<\/h1>\n<p>[\/et_pb_text][\/et_pb_column][\/et_pb_row][et_pb_row column_structure=\u00bb1_3,2_3&#8243; _builder_version=\u00bb4.25.2&#8243; _module_preset=\u00bbdefault\u00bb global_colors_info=\u00bb{}\u00bb][et_pb_column type=\u00bb1_3&#8243; _builder_version=\u00bb4.25.2&#8243; _module_preset=\u00bbdefault\u00bb global_colors_info=\u00bb{}\u00bb][et_pb_text _builder_version=\u00bb4.25.2&#8243; _module_preset=\u00bbdefault\u00bb text_orientation=\u00bbjustified\u00bb global_colors_info=\u00bb{}\u00bb]<\/p>\n<h4><strong>Parte A<\/strong><\/h4>\n<p>[\/et_pb_text][\/et_pb_column][et_pb_column type=\u00bb2_3&#8243; _builder_version=\u00bb4.25.2&#8243; _module_preset=\u00bbdefault\u00bb global_colors_info=\u00bb{}\u00bb][et_pb_text _builder_version=\u00bb4.25.2&#8243; _module_preset=\u00bbdefault\u00bb text_orientation=\u00bbjustified\u00bb global_colors_info=\u00bb{}\u00bb]<\/p>\n<h4><strong>Parte B<\/strong><\/h4>\n<p>[\/et_pb_text][\/et_pb_column][\/et_pb_row][et_pb_row column_structure=\u00bb1_3,2_3&#8243; use_custom_gutter=\u00bbon\u00bb gutter_width=\u00bb2&#8243; _builder_version=\u00bb4.25.2&#8243; _module_preset=\u00bbdefault\u00bb global_colors_info=\u00bb{}\u00bb][et_pb_column type=\u00bb1_3&#8243; _builder_version=\u00bb4.25.2&#8243; _module_preset=\u00bbdefault\u00bb background_color=\u00bb#caddff\u00bb global_colors_info=\u00bb{}\u00bb][et_pb_text _builder_version=\u00bb4.25.2&#8243; _module_preset=\u00bbdefault\u00bb text_text_color=\u00bb#000000&#8243; custom_padding=\u00bb15px|15px|15px|15px|true|true\u00bb global_colors_info=\u00bb{}\u00bb]<\/p>\n<p>La <strong>alergia alimentaria<\/strong> es una respuesta anormal del sistema inmunol\u00f3gico a ciertos alimentos, adem\u00e1s de un trastorno cr\u00f3nico que afecta a pacientes de cualquier edad. Su prevalencia se ha incrementado en las \u00faltimas d\u00e9cadas.<\/p>\n<p>Los alimentos m\u00e1s com\u00fanmente relacionados son: leche de vaca, huevo, cacahuate, nueces, trigo, soya, pescado y mariscos. Sin embargo, cualquier alimento puede ser un desencadenante.<\/p>\n<p>Las <strong>reacciones adversas<\/strong> despu\u00e9s del consumo de cualquier alimento son motivo de preocupaci\u00f3n y ansiedad, y pueden conducir a una dieta estricta.<\/p>\n<p>La gravedad de la reacci\u00f3n puede variar dependiendo del tipo de alimento y mecanismo, y no siempre es f\u00e1cil diferenciar los diagn\u00f3sticos de <strong>hipersensibilidad<\/strong>, pues algunas veces pueden aparecer simult\u00e1neamente.<\/p>\n<p>Los s\u00edntomas tambi\u00e9n var\u00edan en gravedad, y afectan diferentes sistemas. El diagn\u00f3stico de alergia alimentaria suele establecerse mediante la combinaci\u00f3n de historia cl\u00ednica, identificaci\u00f3n de s\u00edntomas despu\u00e9s de la ingesta de ciertos alimentos y ex\u00e1menes diagn\u00f3sticos (pruebas cut\u00e1neas, pruebas de <strong>IgE<\/strong> espec\u00edficas para alimentos, pruebas de provocaci\u00f3n oral, entre otras). El tratamiento es complejo y consiste en restricci\u00f3n alimentaria, desensibilizaci\u00f3n y control de los s\u00edntomas.<\/p>\n<p>Marylin Valent\u00edn-Rostan, Mar\u00eda Isabel Rojo-Guti\u00e9rrez, Dory Mora-Bogado Actualidades en alergia alimentaria<\/p>\n<p>DOI: 10.29262\/ram.v70i4.1327<\/p>\n<p>[\/et_pb_text][\/et_pb_column][et_pb_column type=\u00bb2_3&#8243; _builder_version=\u00bb4.25.2&#8243; _module_preset=\u00bbdefault\u00bb global_colors_info=\u00bb{}\u00bb][et_pb_text _builder_version=\u00bb4.25.2&#8243; _module_preset=\u00bbdefault\u00bb text_text_color=\u00bb#000000&#8243; text_orientation=\u00bbcenter\u00bb custom_margin=\u00bb||-2px|||\u00bb global_colors_info=\u00bb{}\u00bb]<\/p>\n<p>Caso publicado <strong>Revista Alergia M\u00e9xico<\/strong><\/p>\n<p>Leidy Johana Alzate-Pe\u0301rez,1 Natalia Aguirre-Morales, 2 Libia Susana Diez-Zuluaga, 3<\/p>\n<p>Resu\u0301menes de Trabajos Libres del XIV Congreso Colombiano de Alergia, Asma e Inmunologi\u0301a y el VI Encuentro de la Asociacio\u0301n Colombiana de Inmunologi\u0301a.<\/p>\n<p>[\/et_pb_text][et_pb_text _builder_version=\u00bb4.25.2&#8243; _module_preset=\u00bbdefault\u00bb text_text_color=\u00bb#000000&#8243; text_font_size=\u00bb16px\u00bb text_orientation=\u00bbcenter\u00bb custom_margin=\u00bb0px||0px||true|false\u00bb custom_padding=\u00bb0px|0px|0px|0px|true|true\u00bb global_colors_info=\u00bb{}\u00bb]<\/p>\n<p>&nbsp;<\/p>\n<table border=\"1\" style=\"width: 100%; border-collapse: collapse; border-color: #ffffff;\">\n<tbody>\n<tr>\n<td style=\"width: 34.1146%; border-color: #ffffff;\"><img loading=\"lazy\" decoding=\"async\" src=\"http:\/\/www.ideafoodsafetyinnovation.com\/sitio\/wp-content\/uploads\/2024\/08\/img-caso7-1.jpg\" alt=\"imagen 1\" width=\"117\" height=\"117\" style=\"display: block; margin-left: auto; margin-right: auto;\" \/><\/td>\n<td style=\"width: 65.8854%; border-color: #ffffff; text-align: center;\">Caso de alergia mediada por IgE a leguminosas, en una paciente adulta.<\/td>\n<\/tr>\n<\/tbody>\n<\/table>\n<p>[\/et_pb_text][et_pb_text _builder_version=\u00bb4.25.2&#8243; _module_preset=\u00bbdefault\u00bb text_text_color=\u00bb#000000&#8243; custom_margin=\u00bb||-2px|||\u00bb global_colors_info=\u00bb{}\u00bb]<\/p>\n<p><span style=\"color: #699fcb;\"><strong>Reporte de caso:<\/strong><\/span><\/p>\n<p>Se describe el caso de una paciente de 65 an\u0303os, quien reporta un cuadro de 20 an\u0303os con evoluci\u00f3n consistente de urticaria generalizada, acompan\u0303ada de <strong>angioedema<\/strong> y <strong>disnea<\/strong>, que ocurre de forma inmediata tras el consumo lentejas, frijoles, garbanzos, soya y carnes fri\u0301as; y requiere de ingresos al servicio de urgencias por esta causa. Tolera mani\u0301. No se reporta <strong>anafilaxia<\/strong> en otro contexto diferente a los descritos. Ha presentado <strong>prurito<\/strong> generalizado con la exposici\u00f3n a vapores de la cocci\u00f3n de frijoles.<\/p>\n<p>Antecedentes patolo\u0301gicos: hipertensio\u0301n arterial, diabetes mellitus tipo II, hipotiroidismo.<\/p>\n<p>Antecedentes ale\u0301rgicos: Anafilaxia por Penicilina a los 30 an\u0303os.<\/p>\n<p>Prick test trofoale\u0301rgenos: soya 3 mm.<\/p>\n<p>Prick to prick protei\u0301na a base de soya comercial 7mm, garbanzo 5mm, lenteja 6mm y frijol 7mm. Fue negativa para trigo y mani\u0301.<\/p>\n<p>Se dio indicacio\u0301n de portar adrenalina y evitar estrictamente leguminosas, excepto mani\u0301.<\/p>\n<p><span style=\"color: #699fcb;\"><strong>Conclusiones:<\/strong><\/span><\/p>\n<p>La alergia a las leguminosas es poco conocida en nuestro medio, y afecta principalmente a los nin\u0303os. Sus manifestaciones cl\u00ednicas incluyen reacciones leves y anafilaxia. Se ha informado, un alto grado de reactividad cruzada entre las leguminosas. Las lentejas tienen reactividad cruzada con garbanzos y frijoles. La alergia al mani\u0301 tambie\u0301n puede estar asociada con la alergia a lentejas, garbanzos y guisantes, pero se informa con menos frecuencia.<\/p>\n<p>[\/et_pb_text][et_pb_image src=\u00bbhttp:\/\/www.ideafoodsafetyinnovation.com\/sitio\/wp-content\/uploads\/2024\/12\/1-1.png\u00bb title_text=\u00bb1&#8243; align=\u00bbcenter\u00bb _builder_version=\u00bb4.27.2&#8243; _module_preset=\u00bbdefault\u00bb width=\u00bb70%\u00bb global_colors_info=\u00bb{}\u00bb][\/et_pb_image][\/et_pb_column][\/et_pb_row][et_pb_row _builder_version=\u00bb4.25.2&#8243; _module_preset=\u00bbdefault\u00bb custom_margin=\u00bb||0px||false|false\u00bb custom_padding=\u00bb||0px||false|false\u00bb global_colors_info=\u00bb{}\u00bb][et_pb_column type=\u00bb4_4&#8243; _builder_version=\u00bb4.16&#8243; _module_preset=\u00bbdefault\u00bb global_colors_info=\u00bb{}\u00bb][et_pb_text _builder_version=\u00bb4.27.2&#8243; _module_preset=\u00bbdefault\u00bb text_text_color=\u00bb#000000&#8243; header_2_font=\u00bb|700|||||||\u00bb header_2_text_align=\u00bbcenter\u00bb header_2_text_color=\u00bb#FFFFFF\u00bb background_color=\u00bb#9366e4&#8243; text_orientation=\u00bbjustified\u00bb custom_padding=\u00bb10px|10px|5px|10px|false|true\u00bb global_colors_info=\u00bb{}\u00bb]<\/p>\n<h2><span class=\"OYPEnA font-feature-liga-off font-feature-clig-off font-feature-calt-off text-decoration-none text-strikethrough-none\">Vocabulario T\u00e9cnico<\/span><\/h2>\n<p>[\/et_pb_text][\/et_pb_column][\/et_pb_row][et_pb_row column_structure=\u00bb1_2,1_2&#8243; _builder_version=\u00bb4.25.2&#8243; _module_preset=\u00bbdefault\u00bb global_colors_info=\u00bb{}\u00bb][et_pb_column type=\u00bb1_2&#8243; _builder_version=\u00bb4.25.2&#8243; _module_preset=\u00bbdefault\u00bb global_colors_info=\u00bb{}\u00bb][et_pb_text _builder_version=\u00bb4.27.2&#8243; _module_preset=\u00bbdefault\u00bb text_text_color=\u00bb#000000&#8243; custom_margin=\u00bb||-2px|||\u00bb global_colors_info=\u00bb{}\u00bb]<\/p>\n<ul>\n<li>Anafilaxia<\/li>\n<li>Reacci\u00f3n adversa<\/li>\n<li>Hipersensibilidad<\/li>\n<li>Alergia<\/li>\n<li>Intolerancia<\/li>\n<li>IgE<\/li>\n<\/ul>\n<p>[\/et_pb_text][\/et_pb_column][et_pb_column type=\u00bb1_2&#8243; _builder_version=\u00bb4.25.2&#8243; _module_preset=\u00bbdefault\u00bb global_colors_info=\u00bb{}\u00bb][et_pb_text _builder_version=\u00bb4.27.2&#8243; _module_preset=\u00bbdefault\u00bb text_text_color=\u00bb#000000&#8243; custom_margin=\u00bb0px||0px||false|false\u00bb global_colors_info=\u00bb{}\u00bb]<\/p>\n<ul>\n<li>Angioedema<\/li>\n<li>Disnea<\/li>\n<li>Prurito<\/li>\n<li>Prick test trofoal\u00e9rgenos<\/li>\n<li>Prick to prick<\/li>\n<li>Leguminosas<\/li>\n<\/ul>\n<p>[\/et_pb_text][\/et_pb_column][\/et_pb_row][et_pb_row column_structure=\u00bb2_5,3_5&#8243; use_custom_gutter=\u00bbon\u00bb gutter_width=\u00bb2&#8243; _builder_version=\u00bb4.25.2&#8243; _module_preset=\u00bbdefault\u00bb global_colors_info=\u00bb{}\u00bb][et_pb_column type=\u00bb2_5&#8243; _builder_version=\u00bb4.25.2&#8243; _module_preset=\u00bbdefault\u00bb global_colors_info=\u00bb{}\u00bb][et_pb_text _builder_version=\u00bb4.25.2&#8243; _module_preset=\u00bbdefault\u00bb text_text_color=\u00bb#000000&#8243; background_color=\u00bb#c5e8d2&#8243; custom_margin=\u00bb||14px|||\u00bb custom_padding=\u00bb15px|15px|0px|15px|false|true\u00bb global_colors_info=\u00bb{}\u00bb]<\/p>\n<p><strong>Anafilaxia:<\/strong> reacci\u00f3n al\u00e9rgica extremadamente grave que afecta a todo el organismo, que inicia a los pocos minutos de haber estado expuesto al al\u00e9rgeno. Podr\u00eda definirse tambi\u00e9n como una reacci\u00f3n \u00abexplosiva\u00bb del sistema inmune hacia un agente externo. S\u00edntomas habituales:<\/p>\n<ul>\n<li>Picor<\/li>\n<li>Taquicardia<\/li>\n<li>Enrojecimiento intenso generalizado<\/li>\n<li>Dificultad respiratoria<\/li>\n<\/ul>\n<p>[\/et_pb_text][et_pb_text _builder_version=\u00bb4.25.2&#8243; _module_preset=\u00bbdefault\u00bb text_text_color=\u00bb#000000&#8243; background_color=\u00bb#c5e8d2&#8243; custom_margin=\u00bb||10px||false|false\u00bb custom_padding=\u00bb15px|15px|15px|15px|true|true\u00bb global_colors_info=\u00bb{}\u00bb]<\/p>\n<p><strong>Disnea:<\/strong> dificultad respiratoria o falta de aire.<\/p>\n<p><strong>Angiodema:<\/strong> hinchaz\u00f3n, similar a la urticaria, pero que se presenta bajo la piel en lugar de darse en la superficie.<\/p>\n<p><strong>Prurito:<\/strong> hormigueo o irritaci\u00f3n de la piel que provoca el deseo de rascarse en la zona.<\/p>\n<p>[\/et_pb_text][et_pb_text _builder_version=\u00bb4.25.2&#8243; _module_preset=\u00bbdefault\u00bb text_text_color=\u00bb#000000&#8243; background_color=\u00bb#f4c762&#8243; custom_margin=\u00bb||10px||false|false\u00bb custom_padding=\u00bb15px|15px|15px|15px|true|true\u00bb global_colors_info=\u00bb{}\u00bb]<\/p>\n<p><strong>Prick test trofoale\u0301rgeno:<\/strong> pruebas cut\u00e1neas. M\u00e9todo diagn\u00f3stico que intenta reproducir en la piel una reacci\u00f3n al\u00e9rgica comprobando a qu\u00e9 sustancias se es al\u00e9rgico. Restringida a las alergias mediadas por IgE. <strong>Trofoal\u00e9rgeno<\/strong> es todo aquel al\u00e9rgeno capaz de entrar por el sistema digestivo al organismo.<\/p>\n<p>[\/et_pb_text][\/et_pb_column][et_pb_column type=\u00bb3_5&#8243; _builder_version=\u00bb4.25.2&#8243; _module_preset=\u00bbdefault\u00bb global_colors_info=\u00bb{}\u00bb][et_pb_text _builder_version=\u00bb4.25.2&#8243; _module_preset=\u00bbdefault\u00bb text_text_color=\u00bb#000000&#8243; background_color=\u00bb#99b9ff\u00bb custom_margin=\u00bb||14px|||\u00bb custom_padding=\u00bb15px|15px|15px|15px|true|true\u00bb global_colors_info=\u00bb{}\u00bb]<\/p>\n<p><strong>Leguminosas:<\/strong> Las fab\u00e1ceas o leguminosas \u200bson una familia del orden de las Fabales. Las principales consumidas por los humanos son: alfalfa, ch\u00edcharo, frijol, alubia, garbanzo, habas, ejote, lentejas, cacahuate y soya. Son altamente nutricionales pues contienen: prote\u00ednas, hidratos de carbono, l\u00edpidos, fibra, minerales y vitaminas.<\/p>\n<p>Man\u00ed= Cacahuate<\/p>\n<p>[\/et_pb_text][et_pb_text _builder_version=\u00bb4.25.2&#8243; _module_preset=\u00bbdefault\u00bb text_text_color=\u00bb#000000&#8243; background_color=\u00bb#fad5ed\u00bb custom_margin=\u00bb||14px|||\u00bb custom_padding=\u00bb15px|15px|15px|15px|true|true\u00bb global_colors_info=\u00bb{}\u00bb]<\/p>\n<p>La <strong>reacci\u00f3n adversa a alimentos<\/strong> es una respuesta cl\u00ednica anormal luego de la ingesti\u00f3n, contacto o inhalaci\u00f3n de alg\u00fan alimento, sus derivados o aditivos. Cualquier reacci\u00f3n adversa a alimentos se define como <strong>hipersensibilidad a alimentos<\/strong>.<\/p>\n<p>La <strong>alergia alimentaria<\/strong> surge de la respuesta inmune espec\u00edfica inducida por la exposici\u00f3n a las prote\u00ednas de cierto alimento.<\/p>\n<p>La <strong>intolerancia alimentaria<\/strong> se refiere a reacciones no inmunitarias, causadas por caracter\u00edsticas fisiol\u00f3gicas \u00fanicas del individuo, que incluyen mecanismos metab\u00f3licos, t\u00f3xicos, farmacol\u00f3gicos e indefinidos.<\/p>\n<p>[\/et_pb_text][et_pb_text _builder_version=\u00bb4.25.2&#8243; _module_preset=\u00bbdefault\u00bb text_text_color=\u00bb#000000&#8243; background_color=\u00bb#93d0f4&#8243; custom_margin=\u00bb||14px|||\u00bb custom_padding=\u00bb15px|15px|15px|15px|true|true\u00bb global_colors_info=\u00bb{}\u00bb]<\/p>\n<p><strong>IgE:<\/strong> Inmunoglobina E en la sangre. Es un anticuerpo producido por el cuerpo. Quien tiene alergias, presenta m\u00e1s IgE en el cuerpo de lo normal.<\/p>\n<p>[\/et_pb_text][et_pb_text _builder_version=\u00bb4.25.2&#8243; _module_preset=\u00bbdefault\u00bb text_text_color=\u00bb#000000&#8243; background_color=\u00bb#f4c762&#8243; custom_margin=\u00bb||10px||false|false\u00bb custom_padding=\u00bb15px|15px|15px|15px|true|true\u00bb global_colors_info=\u00bb{}\u00bb]<\/p>\n<p><strong>Prick to prick:<\/strong> prueba de parche. Se utiliza para la investigaci\u00f3n de reacciones inflamatorias en pacientes con dermatitis, que pueden vincularse a alergias alimentarias no mediadas por IgE.<\/p>\n<p>[\/et_pb_text][\/et_pb_column][\/et_pb_row][et_pb_row _builder_version=\u00bb4.25.2&#8243; _module_preset=\u00bbdefault\u00bb custom_margin=\u00bb||0px||false|false\u00bb custom_padding=\u00bb||0px||false|false\u00bb global_colors_info=\u00bb{}\u00bb][et_pb_column type=\u00bb4_4&#8243; _builder_version=\u00bb4.16&#8243; _module_preset=\u00bbdefault\u00bb global_colors_info=\u00bb{}\u00bb][et_pb_text _builder_version=\u00bb4.25.2&#8243; _module_preset=\u00bbdefault\u00bb text_text_color=\u00bb#000000&#8243; header_2_font=\u00bb|700|||||||\u00bb header_2_text_align=\u00bbcenter\u00bb header_2_text_color=\u00bb#FFFFFF\u00bb background_color=\u00bb#9366e4&#8243; text_orientation=\u00bbjustified\u00bb custom_padding=\u00bb10px|10px|5px|10px|false|true\u00bb global_colors_info=\u00bb{}\u00bb]<\/p>\n<h2>Anafilaxia<\/h2>\n<p>[\/et_pb_text][et_pb_text _builder_version=\u00bb4.25.2&#8243; _module_preset=\u00bbdefault\u00bb text_text_color=\u00bb#000000&#8243; custom_margin=\u00bb38px||-2px|||\u00bb global_colors_info=\u00bb{}\u00bb]<\/p>\n<p>La <strong>anafilaxia<\/strong> es una reacci\u00f3n al\u00e9rgica grave de instauraci\u00f3n r\u00e1pida y potencialmente mortal. Sus manifestaciones cl\u00ednicas son muy variadas, pudiendo afectar la piel, el sistema cardiovascular, el aparato respiratorio y el digestivo, entre otros. El tratamiento mediante la <strong>inyecci\u00f3n intramuscular de adrenalina<\/strong>, debe ser inmediato.<\/p>\n<p>[\/et_pb_text][\/et_pb_column][\/et_pb_row][et_pb_row column_structure=\u00bb3_5,2_5&#8243; _builder_version=\u00bb4.25.2&#8243; _module_preset=\u00bbdefault\u00bb global_colors_info=\u00bb{}\u00bb][et_pb_column type=\u00bb3_5&#8243; _builder_version=\u00bb4.25.2&#8243; _module_preset=\u00bbdefault\u00bb global_colors_info=\u00bb{}\u00bb][et_pb_image src=\u00bbhttp:\/\/www.ideafoodsafetyinnovation.com\/sitio\/wp-content\/uploads\/2024\/12\/2.png\u00bb title_text=\u00bb2&#8243; _builder_version=\u00bb4.27.2&#8243; _module_preset=\u00bbdefault\u00bb width=\u00bb40%\u00bb global_colors_info=\u00bb{}\u00bb][\/et_pb_image][et_pb_text _builder_version=\u00bb4.25.2&#8243; _module_preset=\u00bbdefault\u00bb text_text_color=\u00bb#000000&#8243; custom_margin=\u00bb38px||-2px|||\u00bb global_colors_info=\u00bb{}\u00bb]<\/p>\n<p>La adrenalina, tambi\u00e9n es conocida como Epinefrina por su Denominaci\u00f3n Com\u00fan Internacional.<\/p>\n<p>\u00a0La Epinefrina es un medicamento inyectado que se usa para tratar reacciones al\u00e9rgicas graves, problemas respiratorios y paros card\u00edacos. Estrecha los vasos sangu\u00edneos, lo que eleva la presi\u00f3n arterial. Esto puede prevenir la presi\u00f3n arterial baja grave que ocurre durante una reacci\u00f3n al\u00e9rgica grave.<\/p>\n<p>[\/et_pb_text][\/et_pb_column][et_pb_column type=\u00bb2_5&#8243; _builder_version=\u00bb4.25.2&#8243; _module_preset=\u00bbdefault\u00bb global_colors_info=\u00bb{}\u00bb][et_pb_image src=\u00bbhttp:\/\/www.ideafoodsafetyinnovation.com\/sitio\/wp-content\/uploads\/2024\/12\/3.png\u00bb title_text=\u00bb3&#8243; _builder_version=\u00bb4.27.2&#8243; _module_preset=\u00bbdefault\u00bb global_colors_info=\u00bb{}\u00bb][\/et_pb_image][\/et_pb_column][\/et_pb_row][et_pb_row column_structure=\u00bb1_3,1_3,1_3&#8243; _builder_version=\u00bb4.25.2&#8243; _module_preset=\u00bbdefault\u00bb global_colors_info=\u00bb{}\u00bb][et_pb_column type=\u00bb1_3&#8243; _builder_version=\u00bb4.25.2&#8243; _module_preset=\u00bbdefault\u00bb global_colors_info=\u00bb{}\u00bb][et_pb_image src=\u00bbhttp:\/\/www.ideafoodsafetyinnovation.com\/sitio\/wp-content\/uploads\/2024\/12\/4.png\u00bb title_text=\u00bb4&#8243; _builder_version=\u00bb4.27.2&#8243; _module_preset=\u00bbdefault\u00bb global_colors_info=\u00bb{}\u00bb][\/et_pb_image][\/et_pb_column][et_pb_column type=\u00bb1_3&#8243; _builder_version=\u00bb4.25.2&#8243; _module_preset=\u00bbdefault\u00bb global_colors_info=\u00bb{}\u00bb][et_pb_image src=\u00bbhttp:\/\/www.ideafoodsafetyinnovation.com\/sitio\/wp-content\/uploads\/2024\/12\/5.png\u00bb title_text=\u00bb5&#8243; _builder_version=\u00bb4.27.2&#8243; _module_preset=\u00bbdefault\u00bb global_colors_info=\u00bb{}\u00bb][\/et_pb_image][\/et_pb_column][et_pb_column type=\u00bb1_3&#8243; _builder_version=\u00bb4.25.2&#8243; _module_preset=\u00bbdefault\u00bb global_colors_info=\u00bb{}\u00bb][et_pb_image src=\u00bbhttp:\/\/www.ideafoodsafetyinnovation.com\/sitio\/wp-content\/uploads\/2024\/12\/6.png\u00bb title_text=\u00bb6&#8243; _builder_version=\u00bb4.27.2&#8243; _module_preset=\u00bbdefault\u00bb global_colors_info=\u00bb{}\u00bb][\/et_pb_image][\/et_pb_column][\/et_pb_row][et_pb_row make_equal=\u00bbon\u00bb _builder_version=\u00bb4.25.2&#8243; _module_preset=\u00bbdefault\u00bb background_enable_color=\u00bboff\u00bb custom_margin=\u00bb10px||||false|false\u00bb global_colors_info=\u00bb{}\u00bb][et_pb_column type=\u00bb4_4&#8243; _builder_version=\u00bb4.25.2&#8243; _module_preset=\u00bbdefault\u00bb background_color=\u00bb#6c9df4&#8243; custom_padding=\u00bb15px|15px|15px|15px|true|true\u00bb global_colors_info=\u00bb{}\u00bb][et_pb_text _builder_version=\u00bb4.25.2&#8243; _module_preset=\u00bbdefault\u00bb text_text_color=\u00bb#000000&#8243; background_color=\u00bb#6c9df4&#8243; global_colors_info=\u00bb{}\u00bb]<\/p>\n<p>Las alergias alimentarias se han incrementado en las \u00faltimas d\u00e9cadas en todo el mundo. Puesto que no existe ning\u00fan tratamiento, \u00e9ste se centra en evitar los al\u00e9rgenos, adem\u00e1s de la educaci\u00f3n de pacientes y cuidadores en el tratamiento de urgencia de las reacciones agudas, por ejemplo: aplicaci\u00f3n de Epinefrina. Los estudios sugieren que las reacciones accidentales ocurren en alrededor del 45% de los ni\u00f1os con alergia alimentaria cada a\u00f1o, aunque la mayor parte de las reacciones son de gravedad leve o moderada. Los ingresos hospitalarios por anafilaxia alimentaria var\u00edan de 4 a 20 por cada 100,000 habitantes; las muertes son raras, con una incidencia estimada de 0.03 a 0.3 por cada mill\u00f3n de personas con alergia alimentaria.<\/p>\n<p>[\/et_pb_text][\/et_pb_column][\/et_pb_row][et_pb_row _builder_version=\u00bb4.19.2&#8243; _module_preset=\u00bbdefault\u00bb custom_margin=\u00bb||0px||false|false\u00bb custom_padding=\u00bb||0px||false|false\u00bb global_colors_info=\u00bb{}\u00bb][et_pb_column type=\u00bb4_4&#8243; _builder_version=\u00bb4.16&#8243; _module_preset=\u00bbdefault\u00bb global_colors_info=\u00bb{}\u00bb][et_pb_text _builder_version=\u00bb4.25.2&#8243; _module_preset=\u00bbdefault\u00bb header_2_text_color=\u00bb#a2427e\u00bb header_2_font_size=\u00bb20px\u00bb text_orientation=\u00bbjustified\u00bb custom_margin=\u00bb||15px||false|false\u00bb global_colors_info=\u00bb{}\u00bb]<\/p>\n<h2>Aprendizaje basado en casos<\/h2>\n<p>[\/et_pb_text][et_pb_text _builder_version=\u00bb4.25.2&#8243; _module_preset=\u00bbdefault\u00bb text_text_color=\u00bb#000000&#8243; background_color=\u00bb#ddcbff\u00bb custom_padding=\u00bb15px|15px|15px|15px|true|true\u00bb global_colors_info=\u00bb{}\u00bb]<\/p>\n<p><strong><span class=\"OYPEnA font-feature-liga-off font-feature-clig-off font-feature-calt-off text-decoration-none text-strikethrough-none\">Objetivo:<\/span><\/strong><span class=\"OYPEnA font-feature-liga-off font-feature-clig-off font-feature-calt-off text-decoration-none text-strikethrough-none\"> Aprender sobre las alergias alimentarias y anafilaxia,<\/span><span class=\"OYPEnA font-feature-liga-off font-feature-clig-off font-feature-calt-off text-decoration-none text-strikethrough-none white-space-prewrap\"> <\/span><span class=\"OYPEnA font-feature-liga-off font-feature-clig-off font-feature-calt-off text-decoration-none text-strikethrough-none\">y la importancia del etiquetado de alimentos<\/span><\/p>\n<p>[\/et_pb_text][\/et_pb_column][\/et_pb_row][et_pb_row use_custom_gutter=\u00bbon\u00bb gutter_width=\u00bb2&#8243; _builder_version=\u00bb4.25.2&#8243; _module_preset=\u00bbdefault\u00bb custom_padding=\u00bb||0px|||\u00bb global_colors_info=\u00bb{}\u00bb][et_pb_column type=\u00bb4_4&#8243; _builder_version=\u00bb4.25.2&#8243; _module_preset=\u00bbdefault\u00bb global_colors_info=\u00bb{}\u00bb][et_pb_text _builder_version=\u00bb4.27.2&#8243; _module_preset=\u00bbdefault\u00bb text_text_color=\u00bb#000000&#8243; global_colors_info=\u00bb{}\u00bb]<\/p>\n<h3>01. Intoducci\u00f3n<\/h3>\n<p>1. Con la ayuda de la l\u00e1mina <strong>\u00abAnafilaxia por leguminosas: reporte de un caso de alergia alimentaria\u201d<\/strong>, introduce el tema con la <strong>Parte A<\/strong>.[\/et_pb_text][\/et_pb_column][\/et_pb_row][et_pb_row use_custom_gutter=\u00bbon\u00bb gutter_width=\u00bb2&#8243; _builder_version=\u00bb4.25.2&#8243; _module_preset=\u00bbdefault\u00bb custom_padding=\u00bb||0px|||\u00bb global_colors_info=\u00bb{}\u00bb][et_pb_column type=\u00bb4_4&#8243; _builder_version=\u00bb4.25.2&#8243; _module_preset=\u00bbdefault\u00bb global_colors_info=\u00bb{}\u00bb][et_pb_text _builder_version=\u00bb4.27.2&#8243; _module_preset=\u00bbdefault\u00bb text_text_color=\u00bb#000000&#8243; global_colors_info=\u00bb{}\u00bb]<\/p>\n<h3>02. Presentaci\u00f3n Informaci\u00f3n<\/h3>\n<p>2. Lee el caso<strong> Parte B<\/strong> y pregunta a los participantes si conocen todos los t\u00e9rminos que se mencionan en los textos, especialmente los que est\u00e1n en letras negritas.<br \/><span style=\"color: #a2427e;\"><strong>Anota las palabras no conocidas en alg\u00fan lugar visible para todos.<\/strong><\/span><\/p>\n<p>[\/et_pb_text][\/et_pb_column][\/et_pb_row][et_pb_row use_custom_gutter=\u00bbon\u00bb gutter_width=\u00bb2&#8243; _builder_version=\u00bb4.25.2&#8243; _module_preset=\u00bbdefault\u00bb custom_padding=\u00bb||0px|||\u00bb global_colors_info=\u00bb{}\u00bb][et_pb_column type=\u00bb4_4&#8243; _builder_version=\u00bb4.25.2&#8243; _module_preset=\u00bbdefault\u00bb global_colors_info=\u00bb{}\u00bb][et_pb_text _builder_version=\u00bb4.27.2&#8243; _module_preset=\u00bbdefault\u00bb text_text_color=\u00bb#000000&#8243; global_colors_info=\u00bb{}\u00bb]<\/p>\n<h3>03. Ejercicio<\/h3>\n<p>3. Pide a los participantes que busquen en internet las palabras que no conozcan, o puedes utilizar el <strong>Vocabulario t\u00e9cnico<\/strong>.<br \/>Vuelvan a leer el caso, tratando de ir explic\u00e1ndolo con las definiciones del vocabulario t\u00e9cnico y lo que encontraron en internet de tal forma que se comprenda mejor que la primera vez que leyeron el texto.<\/p>\n<p>[\/et_pb_text][\/et_pb_column][\/et_pb_row][et_pb_row use_custom_gutter=\u00bbon\u00bb gutter_width=\u00bb2&#8243; _builder_version=\u00bb4.25.2&#8243; _module_preset=\u00bbdefault\u00bb custom_padding=\u00bb||0px|||\u00bb global_colors_info=\u00bb{}\u00bb][et_pb_column type=\u00bb4_4&#8243; _builder_version=\u00bb4.25.2&#8243; _module_preset=\u00bbdefault\u00bb global_colors_info=\u00bb{}\u00bb][et_pb_text _builder_version=\u00bb4.27.2&#8243; _module_preset=\u00bbdefault\u00bb text_text_color=\u00bb#000000&#8243; global_colors_info=\u00bb{}\u00bb]<\/p>\n<h3>04. Reflexi\u00f3n<\/h3>\n<p>4. Pide a los participantes que respondan las siguientes preguntas:<\/p>\n<ul>\n<li><span style=\"color: #a2427e;\"><strong>\u00bfPor qu\u00e9 a la mujer del caso le caus\u00f3 alergia el consumo de carnes fr\u00edas?<\/strong><strong>\u00a0<\/strong><\/span><\/li>\n<li><span style=\"color: #a2427e;\"><strong>En la listas de al\u00e9rgenos normalmente est\u00e1n soya y cacahuate pero no est\u00e1n las lentejas, frijoles y garbanzos, \u00bfpor qu\u00e9 no est\u00e1n?, \u00bfde qu\u00e9 sirven esas listas?, \u00bfen qu\u00e9 error se puede caer con esas listas de al\u00e9rgenos que se publican?<\/strong><\/span><\/li>\n<\/ul>\n<p>[\/et_pb_text][\/et_pb_column][\/et_pb_row][et_pb_row use_custom_gutter=\u00bbon\u00bb gutter_width=\u00bb2&#8243; _builder_version=\u00bb4.25.2&#8243; _module_preset=\u00bbdefault\u00bb custom_padding=\u00bb||0px|||\u00bb global_colors_info=\u00bb{}\u00bb][et_pb_column type=\u00bb4_4&#8243; _builder_version=\u00bb4.25.2&#8243; _module_preset=\u00bbdefault\u00bb global_colors_info=\u00bb{}\u00bb][et_pb_text _builder_version=\u00bb4.27.2&#8243; _module_preset=\u00bbdefault\u00bb text_text_color=\u00bb#000000&#8243; global_colors_info=\u00bb{}\u00bb]<\/p>\n<h3>05. Conclusi\u00f3n<\/h3>\n<p>5. Invita al equipo a un cierre de la sesi\u00f3n. Preg\u00fantales sobre la importancia del etiquetado de alimentos y la responsabilidad de las empresas que fabrican alimentos.<\/p>\n<p>[\/et_pb_text][\/et_pb_column][\/et_pb_row][et_pb_row _builder_version=\u00bb4.25.2&#8243; _module_preset=\u00bbdefault\u00bb custom_margin=\u00bb||0px||false|false\u00bb custom_padding=\u00bb||0px||false|false\u00bb global_colors_info=\u00bb{}\u00bb][et_pb_column type=\u00bb4_4&#8243; _builder_version=\u00bb4.16&#8243; _module_preset=\u00bbdefault\u00bb global_colors_info=\u00bb{}\u00bb][et_pb_text _builder_version=\u00bb4.25.2&#8243; _module_preset=\u00bbdefault\u00bb text_text_color=\u00bb#000000&#8243; background_color=\u00bb#ddcbff\u00bb custom_padding=\u00bb15px|15px|15px|15px|true|true\u00bb global_colors_info=\u00bb{}\u00bb]<\/p>\n<p>Volumen 70 Num 4 A\u00f1o 2023 de Revista Alergia M\u00e9xico.<\/p>\n<p>\u00d3rgano oficial de difusi\u00f3n cient\u00edfica del Colegio Mexicano de Inmunolog\u00eda Cl\u00ednica y Alergia, A. C. Encu\u00e9ntralo aqu\u00ed.<\/p>\n<p>[\/et_pb_text][et_pb_text _builder_version=\u00bb4.25.2&#8243; _module_preset=\u00bbdefault\u00bb text_orientation=\u00bbjustified\u00bb global_colors_info=\u00bb{}\u00bb]<\/p>\n<p><strong>Material requerido: Opcional acceso a internet y una pantalla.<\/strong><\/p>\n<p>[\/et_pb_text][\/et_pb_column][\/et_pb_row][\/et_pb_section]<\/p>\n","protected":false},"excerpt":{"rendered":"<p>Anafilaxia por leguminosas: reporte de un caso de alergia alimentariaParte AParte BLa alergia alimentaria es una respuesta anormal del sistema inmunol\u00f3gico a ciertos alimentos, adem\u00e1s de un trastorno cr\u00f3nico que afecta a pacientes de cualquier edad. Su prevalencia se ha incrementado en las \u00faltimas d\u00e9cadas. Los alimentos m\u00e1s com\u00fanmente relacionados son: leche de vaca, huevo, [&hellip;]<\/p>\n","protected":false},"author":1,"featured_media":4154,"comment_status":"closed","ping_status":"closed","sticky":false,"template":"","format":"standard","meta":{"_et_pb_use_builder":"on","_et_pb_old_content":"","_et_gb_content_width":"1080","footnotes":""},"categories":[50],"tags":[],"class_list":["post-3713","post","type-post","status-publish","format-standard","has-post-thumbnail","hentry","category-casos-de-aprendizaje"],"yoast_head":"<!-- This site is optimized with the Yoast SEO plugin v25.3.1 - https:\/\/yoast.com\/wordpress\/plugins\/seo\/ -->\n<title>Caso #7 Anafilaxia por leguminosas: reporte de un caso de alergia alimentaria - FSI<\/title>\n<meta name=\"robots\" content=\"index, follow, max-snippet:-1, max-image-preview:large, max-video-preview:-1\" \/>\n<link rel=\"canonical\" href=\"http:\/\/www.ideafoodsafetyinnovation.com\/sitio\/casos-de-aprendizaje\/caso-7-anafilaxia-por-leguminosas-reporte-de-un-caso-de-alergia-alimentaria\/\" \/>\n<meta property=\"og:locale\" content=\"es_ES\" \/>\n<meta property=\"og:type\" content=\"article\" \/>\n<meta property=\"og:title\" content=\"Caso #7 Anafilaxia por leguminosas: reporte de un caso de alergia alimentaria - FSI\" \/>\n<meta property=\"og:description\" content=\"Anafilaxia por leguminosas: reporte de un caso de alergia alimentariaParte AParte BLa alergia alimentaria es una respuesta anormal del sistema inmunol\u00f3gico a ciertos alimentos, adem\u00e1s de un trastorno cr\u00f3nico que afecta a pacientes de cualquier edad. Su prevalencia se ha incrementado en las \u00faltimas d\u00e9cadas. Los alimentos m\u00e1s com\u00fanmente relacionados son: leche de vaca, huevo, [&hellip;]\" \/>\n<meta property=\"og:url\" content=\"http:\/\/www.ideafoodsafetyinnovation.com\/sitio\/casos-de-aprendizaje\/caso-7-anafilaxia-por-leguminosas-reporte-de-un-caso-de-alergia-alimentaria\/\" \/>\n<meta property=\"og:site_name\" content=\"FSI\" \/>\n<meta property=\"article:published_time\" content=\"2024-08-05T23:04:49+00:00\" \/>\n<meta property=\"article:modified_time\" content=\"2025-02-23T19:39:29+00:00\" \/>\n<meta property=\"og:image\" content=\"http:\/\/www.ideafoodsafetyinnovation.com\/sitio\/wp-content\/uploads\/2024\/08\/Caso-Inocuidad-7.jpg\" \/>\n\t<meta property=\"og:image:width\" content=\"2160\" \/>\n\t<meta property=\"og:image:height\" content=\"2795\" \/>\n\t<meta property=\"og:image:type\" content=\"image\/jpeg\" \/>\n<meta name=\"author\" content=\"admin\" \/>\n<meta name=\"twitter:card\" content=\"summary_large_image\" \/>\n<meta name=\"twitter:label1\" content=\"Escrito por\" \/>\n\t<meta name=\"twitter:data1\" content=\"admin\" \/>\n\t<meta name=\"twitter:label2\" content=\"Tiempo de lectura\" \/>\n\t<meta name=\"twitter:data2\" content=\"8 minutos\" \/>\n<script type=\"application\/ld+json\" class=\"yoast-schema-graph\">{\"@context\":\"https:\/\/schema.org\",\"@graph\":[{\"@type\":\"WebPage\",\"@id\":\"http:\/\/www.ideafoodsafetyinnovation.com\/sitio\/casos-de-aprendizaje\/caso-7-anafilaxia-por-leguminosas-reporte-de-un-caso-de-alergia-alimentaria\/\",\"url\":\"http:\/\/www.ideafoodsafetyinnovation.com\/sitio\/casos-de-aprendizaje\/caso-7-anafilaxia-por-leguminosas-reporte-de-un-caso-de-alergia-alimentaria\/\",\"name\":\"Caso #7 Anafilaxia por leguminosas: reporte de un caso de alergia alimentaria - FSI\",\"isPartOf\":{\"@id\":\"https:\/\/www.ideafoodsafetyinnovation.com\/sitio\/#website\"},\"primaryImageOfPage\":{\"@id\":\"http:\/\/www.ideafoodsafetyinnovation.com\/sitio\/casos-de-aprendizaje\/caso-7-anafilaxia-por-leguminosas-reporte-de-un-caso-de-alergia-alimentaria\/#primaryimage\"},\"image\":{\"@id\":\"http:\/\/www.ideafoodsafetyinnovation.com\/sitio\/casos-de-aprendizaje\/caso-7-anafilaxia-por-leguminosas-reporte-de-un-caso-de-alergia-alimentaria\/#primaryimage\"},\"thumbnailUrl\":\"http:\/\/www.ideafoodsafetyinnovation.com\/sitio\/wp-content\/uploads\/2024\/08\/Caso-Inocuidad-7.jpg\",\"datePublished\":\"2024-08-05T23:04:49+00:00\",\"dateModified\":\"2025-02-23T19:39:29+00:00\",\"author\":{\"@id\":\"https:\/\/www.ideafoodsafetyinnovation.com\/sitio\/#\/schema\/person\/5d4a76887bbc063038717d70d0db944f\"},\"breadcrumb\":{\"@id\":\"http:\/\/www.ideafoodsafetyinnovation.com\/sitio\/casos-de-aprendizaje\/caso-7-anafilaxia-por-leguminosas-reporte-de-un-caso-de-alergia-alimentaria\/#breadcrumb\"},\"inLanguage\":\"es\",\"potentialAction\":[{\"@type\":\"ReadAction\",\"target\":[\"http:\/\/www.ideafoodsafetyinnovation.com\/sitio\/casos-de-aprendizaje\/caso-7-anafilaxia-por-leguminosas-reporte-de-un-caso-de-alergia-alimentaria\/\"]}]},{\"@type\":\"ImageObject\",\"inLanguage\":\"es\",\"@id\":\"http:\/\/www.ideafoodsafetyinnovation.com\/sitio\/casos-de-aprendizaje\/caso-7-anafilaxia-por-leguminosas-reporte-de-un-caso-de-alergia-alimentaria\/#primaryimage\",\"url\":\"http:\/\/www.ideafoodsafetyinnovation.com\/sitio\/wp-content\/uploads\/2024\/08\/Caso-Inocuidad-7.jpg\",\"contentUrl\":\"http:\/\/www.ideafoodsafetyinnovation.com\/sitio\/wp-content\/uploads\/2024\/08\/Caso-Inocuidad-7.jpg\",\"width\":2160,\"height\":2795,\"caption\":\"Caso Inocuidad\"},{\"@type\":\"BreadcrumbList\",\"@id\":\"http:\/\/www.ideafoodsafetyinnovation.com\/sitio\/casos-de-aprendizaje\/caso-7-anafilaxia-por-leguminosas-reporte-de-un-caso-de-alergia-alimentaria\/#breadcrumb\",\"itemListElement\":[{\"@type\":\"ListItem\",\"position\":1,\"name\":\"Portada\",\"item\":\"https:\/\/www.ideafoodsafetyinnovation.com\/sitio\/\"},{\"@type\":\"ListItem\",\"position\":2,\"name\":\"Caso #7 Anafilaxia por leguminosas: reporte de un caso de alergia alimentaria\"}]},{\"@type\":\"WebSite\",\"@id\":\"https:\/\/www.ideafoodsafetyinnovation.com\/sitio\/#website\",\"url\":\"https:\/\/www.ideafoodsafetyinnovation.com\/sitio\/\",\"name\":\"FSI\",\"description\":\"Cursos\",\"potentialAction\":[{\"@type\":\"SearchAction\",\"target\":{\"@type\":\"EntryPoint\",\"urlTemplate\":\"https:\/\/www.ideafoodsafetyinnovation.com\/sitio\/?s={search_term_string}\"},\"query-input\":{\"@type\":\"PropertyValueSpecification\",\"valueRequired\":true,\"valueName\":\"search_term_string\"}}],\"inLanguage\":\"es\"},{\"@type\":\"Person\",\"@id\":\"https:\/\/www.ideafoodsafetyinnovation.com\/sitio\/#\/schema\/person\/5d4a76887bbc063038717d70d0db944f\",\"name\":\"admin\",\"image\":{\"@type\":\"ImageObject\",\"inLanguage\":\"es\",\"@id\":\"https:\/\/www.ideafoodsafetyinnovation.com\/sitio\/#\/schema\/person\/image\/\",\"url\":\"https:\/\/secure.gravatar.com\/avatar\/d8751e89efb823fa006398a1963242adab9412521e177e2d48154781c5dd6f80?s=96&d=mm&r=g\",\"contentUrl\":\"https:\/\/secure.gravatar.com\/avatar\/d8751e89efb823fa006398a1963242adab9412521e177e2d48154781c5dd6f80?s=96&d=mm&r=g\",\"caption\":\"admin\"},\"sameAs\":[\"http:\/\/www.portalmedia.com.mx\/fsi\"],\"url\":\"http:\/\/www.ideafoodsafetyinnovation.com\/sitio\/author\/admin\/\"}]}<\/script>\n<!-- \/ Yoast SEO plugin. -->","yoast_head_json":{"title":"Caso #7 Anafilaxia por leguminosas: reporte de un caso de alergia alimentaria - FSI","robots":{"index":"index","follow":"follow","max-snippet":"max-snippet:-1","max-image-preview":"max-image-preview:large","max-video-preview":"max-video-preview:-1"},"canonical":"http:\/\/www.ideafoodsafetyinnovation.com\/sitio\/casos-de-aprendizaje\/caso-7-anafilaxia-por-leguminosas-reporte-de-un-caso-de-alergia-alimentaria\/","og_locale":"es_ES","og_type":"article","og_title":"Caso #7 Anafilaxia por leguminosas: reporte de un caso de alergia alimentaria - FSI","og_description":"Anafilaxia por leguminosas: reporte de un caso de alergia alimentariaParte AParte BLa alergia alimentaria es una respuesta anormal del sistema inmunol\u00f3gico a ciertos alimentos, adem\u00e1s de un trastorno cr\u00f3nico que afecta a pacientes de cualquier edad. Su prevalencia se ha incrementado en las \u00faltimas d\u00e9cadas. Los alimentos m\u00e1s com\u00fanmente relacionados son: leche de vaca, huevo, [&hellip;]","og_url":"http:\/\/www.ideafoodsafetyinnovation.com\/sitio\/casos-de-aprendizaje\/caso-7-anafilaxia-por-leguminosas-reporte-de-un-caso-de-alergia-alimentaria\/","og_site_name":"FSI","article_published_time":"2024-08-05T23:04:49+00:00","article_modified_time":"2025-02-23T19:39:29+00:00","og_image":[{"width":2160,"height":2795,"url":"http:\/\/www.ideafoodsafetyinnovation.com\/sitio\/wp-content\/uploads\/2024\/08\/Caso-Inocuidad-7.jpg","type":"image\/jpeg"}],"author":"admin","twitter_card":"summary_large_image","twitter_misc":{"Escrito por":"admin","Tiempo de lectura":"8 minutos"},"schema":{"@context":"https:\/\/schema.org","@graph":[{"@type":"WebPage","@id":"http:\/\/www.ideafoodsafetyinnovation.com\/sitio\/casos-de-aprendizaje\/caso-7-anafilaxia-por-leguminosas-reporte-de-un-caso-de-alergia-alimentaria\/","url":"http:\/\/www.ideafoodsafetyinnovation.com\/sitio\/casos-de-aprendizaje\/caso-7-anafilaxia-por-leguminosas-reporte-de-un-caso-de-alergia-alimentaria\/","name":"Caso #7 Anafilaxia por leguminosas: reporte de un caso de alergia alimentaria - FSI","isPartOf":{"@id":"https:\/\/www.ideafoodsafetyinnovation.com\/sitio\/#website"},"primaryImageOfPage":{"@id":"http:\/\/www.ideafoodsafetyinnovation.com\/sitio\/casos-de-aprendizaje\/caso-7-anafilaxia-por-leguminosas-reporte-de-un-caso-de-alergia-alimentaria\/#primaryimage"},"image":{"@id":"http:\/\/www.ideafoodsafetyinnovation.com\/sitio\/casos-de-aprendizaje\/caso-7-anafilaxia-por-leguminosas-reporte-de-un-caso-de-alergia-alimentaria\/#primaryimage"},"thumbnailUrl":"http:\/\/www.ideafoodsafetyinnovation.com\/sitio\/wp-content\/uploads\/2024\/08\/Caso-Inocuidad-7.jpg","datePublished":"2024-08-05T23:04:49+00:00","dateModified":"2025-02-23T19:39:29+00:00","author":{"@id":"https:\/\/www.ideafoodsafetyinnovation.com\/sitio\/#\/schema\/person\/5d4a76887bbc063038717d70d0db944f"},"breadcrumb":{"@id":"http:\/\/www.ideafoodsafetyinnovation.com\/sitio\/casos-de-aprendizaje\/caso-7-anafilaxia-por-leguminosas-reporte-de-un-caso-de-alergia-alimentaria\/#breadcrumb"},"inLanguage":"es","potentialAction":[{"@type":"ReadAction","target":["http:\/\/www.ideafoodsafetyinnovation.com\/sitio\/casos-de-aprendizaje\/caso-7-anafilaxia-por-leguminosas-reporte-de-un-caso-de-alergia-alimentaria\/"]}]},{"@type":"ImageObject","inLanguage":"es","@id":"http:\/\/www.ideafoodsafetyinnovation.com\/sitio\/casos-de-aprendizaje\/caso-7-anafilaxia-por-leguminosas-reporte-de-un-caso-de-alergia-alimentaria\/#primaryimage","url":"http:\/\/www.ideafoodsafetyinnovation.com\/sitio\/wp-content\/uploads\/2024\/08\/Caso-Inocuidad-7.jpg","contentUrl":"http:\/\/www.ideafoodsafetyinnovation.com\/sitio\/wp-content\/uploads\/2024\/08\/Caso-Inocuidad-7.jpg","width":2160,"height":2795,"caption":"Caso Inocuidad"},{"@type":"BreadcrumbList","@id":"http:\/\/www.ideafoodsafetyinnovation.com\/sitio\/casos-de-aprendizaje\/caso-7-anafilaxia-por-leguminosas-reporte-de-un-caso-de-alergia-alimentaria\/#breadcrumb","itemListElement":[{"@type":"ListItem","position":1,"name":"Portada","item":"https:\/\/www.ideafoodsafetyinnovation.com\/sitio\/"},{"@type":"ListItem","position":2,"name":"Caso #7 Anafilaxia por leguminosas: reporte de un caso de alergia alimentaria"}]},{"@type":"WebSite","@id":"https:\/\/www.ideafoodsafetyinnovation.com\/sitio\/#website","url":"https:\/\/www.ideafoodsafetyinnovation.com\/sitio\/","name":"FSI","description":"Cursos","potentialAction":[{"@type":"SearchAction","target":{"@type":"EntryPoint","urlTemplate":"https:\/\/www.ideafoodsafetyinnovation.com\/sitio\/?s={search_term_string}"},"query-input":{"@type":"PropertyValueSpecification","valueRequired":true,"valueName":"search_term_string"}}],"inLanguage":"es"},{"@type":"Person","@id":"https:\/\/www.ideafoodsafetyinnovation.com\/sitio\/#\/schema\/person\/5d4a76887bbc063038717d70d0db944f","name":"admin","image":{"@type":"ImageObject","inLanguage":"es","@id":"https:\/\/www.ideafoodsafetyinnovation.com\/sitio\/#\/schema\/person\/image\/","url":"https:\/\/secure.gravatar.com\/avatar\/d8751e89efb823fa006398a1963242adab9412521e177e2d48154781c5dd6f80?s=96&d=mm&r=g","contentUrl":"https:\/\/secure.gravatar.com\/avatar\/d8751e89efb823fa006398a1963242adab9412521e177e2d48154781c5dd6f80?s=96&d=mm&r=g","caption":"admin"},"sameAs":["http:\/\/www.portalmedia.com.mx\/fsi"],"url":"http:\/\/www.ideafoodsafetyinnovation.com\/sitio\/author\/admin\/"}]}},"_links":{"self":[{"href":"http:\/\/www.ideafoodsafetyinnovation.com\/sitio\/wp-json\/wp\/v2\/posts\/3713","targetHints":{"allow":["GET"]}}],"collection":[{"href":"http:\/\/www.ideafoodsafetyinnovation.com\/sitio\/wp-json\/wp\/v2\/posts"}],"about":[{"href":"http:\/\/www.ideafoodsafetyinnovation.com\/sitio\/wp-json\/wp\/v2\/types\/post"}],"author":[{"embeddable":true,"href":"http:\/\/www.ideafoodsafetyinnovation.com\/sitio\/wp-json\/wp\/v2\/users\/1"}],"replies":[{"embeddable":true,"href":"http:\/\/www.ideafoodsafetyinnovation.com\/sitio\/wp-json\/wp\/v2\/comments?post=3713"}],"version-history":[{"count":9,"href":"http:\/\/www.ideafoodsafetyinnovation.com\/sitio\/wp-json\/wp\/v2\/posts\/3713\/revisions"}],"predecessor-version":[{"id":4156,"href":"http:\/\/www.ideafoodsafetyinnovation.com\/sitio\/wp-json\/wp\/v2\/posts\/3713\/revisions\/4156"}],"wp:featuredmedia":[{"embeddable":true,"href":"http:\/\/www.ideafoodsafetyinnovation.com\/sitio\/wp-json\/wp\/v2\/media\/4154"}],"wp:attachment":[{"href":"http:\/\/www.ideafoodsafetyinnovation.com\/sitio\/wp-json\/wp\/v2\/media?parent=3713"}],"wp:term":[{"taxonomy":"category","embeddable":true,"href":"http:\/\/www.ideafoodsafetyinnovation.com\/sitio\/wp-json\/wp\/v2\/categories?post=3713"},{"taxonomy":"post_tag","embeddable":true,"href":"http:\/\/www.ideafoodsafetyinnovation.com\/sitio\/wp-json\/wp\/v2\/tags?post=3713"}],"curies":[{"name":"wp","href":"https:\/\/api.w.org\/{rel}","templated":true}]}}