{"id":3561,"date":"2024-07-02T11:39:02","date_gmt":"2024-07-02T17:39:02","guid":{"rendered":"https:\/\/www.ideafoodsafetyinnovation.com\/sitio\/?p=3561"},"modified":"2024-07-03T11:19:54","modified_gmt":"2024-07-03T17:19:54","slug":"15-de-octubre-dia-mundial-del-lavado-de-manos","status":"publish","type":"post","link":"https:\/\/www.ideafoodsafetyinnovation.com\/sitio\/tendencias\/15-de-octubre-dia-mundial-del-lavado-de-manos\/","title":{"rendered":"15 de Octubre: D\u00eda Mundial del Lavado de Manos"},"content":{"rendered":"\n[et_pb_section fb_built=\u00bb1&#8243; _builder_version=\u00bb4.16&#8243; _module_preset=\u00bbdefault\u00bb global_colors_info=\u00bb{}\u00bb][et_pb_row _builder_version=\u00bb4.25.2&#8243; _module_preset=\u00bbdefault\u00bb global_colors_info=\u00bb{}\u00bb][et_pb_column type=\u00bb4_4&#8243; _builder_version=\u00bb4.25.2&#8243; _module_preset=\u00bbdefault\u00bb global_colors_info=\u00bb{}\u00bb][et_pb_text _builder_version=\u00bb4.25.2&#8243; _module_preset=\u00bbdefault\u00bb text_text_color=\u00bb#000000&#8243; global_colors_info=\u00bb{}\u00bb]El D\u00eda Mundial del Lavado de Manos es un d\u00eda mundial de promoci\u00f3n dedicado a aumentar la conciencia sobre la importancia de la higiene de manos y a desencadenar un cambio duradero desde el nivel de pol\u00edticas hasta la acci\u00f3n impulsada por la comunidad.\n\nEl tema de este a\u00f1o 2021, propuesto por la organizaci\u00f3n Global Hand Washing, es \u00abNuestro futuro est\u00e1 a la mano: avancemos juntos\u00bb. La naturaleza sin precedentes de la pandemia de COVIF-19 es un curso sigue destacando el papel fundamental que desempe\u00f1a la higiene de las manos en la transmisi\u00f3n de enfermedades. Al entrar en una normalidad, m\u00e1s all\u00e1 de COVID-19, nuestro futuro estado de higiene est\u00e1 en nuestras manos. Se ha aprendido mucho sobre la promoci\u00f3n de la higiene de manos a gran escala, pero se necesita mucho trabajo para mantener el impulso actual.[\/et_pb_text][\/et_pb_column][\/et_pb_row][et_pb_row _builder_version=\u00bb4.25.2&#8243; _module_preset=\u00bbdefault\u00bb custom_margin=\u00bb||0px||false|false\u00bb custom_padding=\u00bb||0px||false|false\u00bb global_colors_info=\u00bb{}\u00bb][et_pb_column type=\u00bb4_4&#8243; _builder_version=\u00bb4.25.2&#8243; _module_preset=\u00bbdefault\u00bb global_colors_info=\u00bb{}\u00bb][et_pb_text _builder_version=\u00bb4.25.2&#8243; _module_preset=\u00bbdefault\u00bb text_text_color=\u00bb#000000&#8243; background_color=\u00bb#b9a3ca\u00bb custom_padding=\u00bb15px|15px|15px|15px|true|true\u00bb global_colors_info=\u00bb{}\u00bb]<p><strong>\u00bfC\u00f3mo nace el d\u00eda mundial del lavado de manos?<\/strong><\/p>[\/et_pb_text][\/et_pb_column][\/et_pb_row][et_pb_row column_structure=\u00bb1_2,1_2&#8243; _builder_version=\u00bb4.25.2&#8243; _module_preset=\u00bbdefault\u00bb background_color=\u00bb#e9e1ed\u00bb global_colors_info=\u00bb{}\u00bb][et_pb_column type=\u00bb1_2&#8243; _builder_version=\u00bb4.25.2&#8243; _module_preset=\u00bbdefault\u00bb custom_padding=\u00bb0px|15px|0px|15px|true|true\u00bb global_colors_info=\u00bb{}\u00bb][et_pb_text _builder_version=\u00bb4.25.2&#8243; _module_preset=\u00bbdefault\u00bb text_text_color=\u00bb#000000&#8243; global_colors_info=\u00bb{}\u00bb]En el 2001 algunos expertos en higiene y sanitizaci\u00f3n de todo el mundo decidieron formar la Alianza Global entre los Sectores P\u00fablico y Privado para Promover el Lavado de Manos (PPPHW por sus siglas en Ingl\u00e9s) con el objetivo de promover el lavado de manos y disminuir los casos de enfermedad y muerte.[\/et_pb_text][\/et_pb_column][et_pb_column type=\u00bb1_2&#8243; _builder_version=\u00bb4.25.2&#8243; _module_preset=\u00bbdefault\u00bb custom_padding=\u00bb0px|15px|0px|15px|true|true\u00bb global_colors_info=\u00bb{}\u00bb][et_pb_image src=\u00bbhttp:\/\/www.ideafoodsafetyinnovation.com\/sitio\/wp-content\/uploads\/2024\/07\/health_in-your-hands.png\u00bb _builder_version=\u00bb4.25.2&#8243; _module_preset=\u00bbdefault\u00bb hover_enabled=\u00bb0&#8243; global_colors_info=\u00bb{}\u00bb title_text=\u00bbhealth_in-your-hands\u00bb sticky_enabled=\u00bb0&#8243;][\/et_pb_image][\/et_pb_column][\/et_pb_row][et_pb_row _builder_version=\u00bb4.25.2&#8243; _module_preset=\u00bbdefault\u00bb custom_margin=\u00bb0px||0px||true|false\u00bb custom_padding=\u00bb0px||0px||true|false\u00bb global_colors_info=\u00bb{}\u00bb][et_pb_column type=\u00bb4_4&#8243; _builder_version=\u00bb4.25.2&#8243; _module_preset=\u00bbdefault\u00bb global_colors_info=\u00bb{}\u00bb][et_pb_text _builder_version=\u00bb4.25.2&#8243; _module_preset=\u00bbdefault\u00bb text_text_color=\u00bb#000000&#8243; background_color=\u00bb#b9a3ca\u00bb custom_padding=\u00bb15px|15px|15px|15px|true|true\u00bb global_colors_info=\u00bb{}\u00bb]<p><strong>\u00bfC\u00f3mo nace el d\u00eda mundial del lavado de manos?<\/strong><\/p>[\/et_pb_text][\/et_pb_column][\/et_pb_row][et_pb_row column_structure=\u00bb1_2,1_2&#8243; _builder_version=\u00bb4.25.2&#8243; _module_preset=\u00bbdefault\u00bb background_color=\u00bb#e9e1ed\u00bb global_colors_info=\u00bb{}\u00bb][et_pb_column type=\u00bb1_2&#8243; _builder_version=\u00bb4.25.2&#8243; _module_preset=\u00bbdefault\u00bb custom_padding=\u00bb0px|15px|0px|15px|true|true\u00bb global_colors_info=\u00bb{}\u00bb][et_pb_text _builder_version=\u00bb4.25.2&#8243; _module_preset=\u00bbdefault\u00bb text_text_color=\u00bb#000000&#8243; global_colors_info=\u00bb{}\u00bb]<ul>\n<li>Programa de Agua y Saneamiento<\/li>\n<li>UNICEF<\/li>\n<li>USAID<\/li>\n<li>Banco Mundial<\/li>\n<li>Academia para el Desarrollo Educativo<\/li>\n<li>Centro para el Control y la Prevenci\u00f3n de Enfermedades<\/li>\n<li>Escuela de Higiene y Medicina Tropical de Londres<\/li>\n<li>Escuela de Salud P\u00fablica de la Universidad Johns Hopkins<\/li>\n<li>Centro Internacional de Investigaci\u00f3n sobre Enfermedades Diarreicas<\/li>\n<\/ul>[\/et_pb_text][\/et_pb_column][et_pb_column type=\u00bb1_2&#8243; _builder_version=\u00bb4.25.2&#8243; _module_preset=\u00bbdefault\u00bb custom_padding=\u00bb0px|15px|0px|15px|true|true\u00bb global_colors_info=\u00bb{}\u00bb][et_pb_text _builder_version=\u00bb4.25.2&#8243; _module_preset=\u00bbdefault\u00bb text_text_color=\u00bb#000000&#8243; global_colors_info=\u00bb{}\u00bb]<ul>\n<li>Colgate-Palmolive<\/li>\n<li>Procter &amp; Gamble<\/li>\n<li>Unilever<\/li>\n<li>Proyecto de Mejoramiento de la Higiene de la USAID<\/li>\n<li>Consejo Participativo de Abastecimiento de Agua y Saneamiento<\/li>\n<li>Ministerio Federal de Fuentes de Agua de Nigeria<\/li>\n<li>ESSITY<\/li>\n<li>CAWST<\/li>\n<li>FHI 360<\/li>\n<\/ul>[\/et_pb_text][\/et_pb_column][\/et_pb_row][et_pb_row _builder_version=\u00bb4.25.2&#8243; _module_preset=\u00bbdefault\u00bb global_colors_info=\u00bb{}\u00bb][et_pb_column type=\u00bb4_4&#8243; _builder_version=\u00bb4.25.2&#8243; _module_preset=\u00bbdefault\u00bb global_colors_info=\u00bb{}\u00bb][et_pb_text _builder_version=\u00bb4.25.2&#8243; _module_preset=\u00bbdefault\u00bb text_text_color=\u00bb#000000&#8243; global_colors_info=\u00bb{}\u00bb]En el a\u00f1o 2008 la UNICEF decide crear, con el apoyo de todos los miembros de PPPHW, el D\u00eda Mundial del Lavado de Manos. Originalmente dirigido a grupos de ni\u00f1os y escuelas; sin embargo, actualmente es una fecha que es celebrada por todos aquellos que promovemos la importancia de esta actividad.[\/et_pb_text][\/et_pb_column][\/et_pb_row][et_pb_row _builder_version=\u00bb4.25.2&#8243; _module_preset=\u00bbdefault\u00bb custom_margin=\u00bb||0px||false|false\u00bb custom_padding=\u00bb||0px||false|false\u00bb global_colors_info=\u00bb{}\u00bb][et_pb_column type=\u00bb4_4&#8243; _builder_version=\u00bb4.25.2&#8243; _module_preset=\u00bbdefault\u00bb global_colors_info=\u00bb{}\u00bb][et_pb_text _builder_version=\u00bb4.25.2&#8243; _module_preset=\u00bbdefault\u00bb text_text_color=\u00bb#000000&#8243; background_color=\u00bb#b9a3ca\u00bb custom_padding=\u00bb15px|15px|15px|15px|true|true\u00bb global_colors_info=\u00bb{}\u00bb]<p><strong>La creaci\u00f3n y celebraci\u00f3n de ese d\u00eda tiene los siguientes objetivos:<\/strong><\/p>[\/et_pb_text][\/et_pb_column][\/et_pb_row][et_pb_row _builder_version=\u00bb4.25.2&#8243; _module_preset=\u00bbdefault\u00bb background_color=\u00bb#e9e1ed\u00bb global_colors_info=\u00bb{}\u00bb][et_pb_column type=\u00bb4_4&#8243; _builder_version=\u00bb4.25.2&#8243; _module_preset=\u00bbdefault\u00bb custom_padding=\u00bb0px|15px|0px|15px|true|true\u00bb global_colors_info=\u00bb{}\u00bb][et_pb_text _builder_version=\u00bb4.25.2&#8243; _module_preset=\u00bbdefault\u00bb text_text_color=\u00bb#000000&#8243; global_colors_info=\u00bb{}\u00bb]<ol>\n<li>Fomentar y apoyar la creaci\u00f3n de una cultura mundial y local de lavado de manos con agua y jab\u00f3n.<\/li>\n<li>Resaltar y dar a conocer la situaci\u00f3n en torno al lavado de manos en cada pa\u00eds.<\/li>\n<li>Sensibilizar sobre los beneficios de esta pr\u00e1ctica.<\/li>\n<\/ol>[\/et_pb_text][\/et_pb_column][\/et_pb_row][et_pb_row _builder_version=\u00bb4.25.2&#8243; _module_preset=\u00bbdefault\u00bb custom_margin=\u00bb||0px||false|false\u00bb custom_padding=\u00bb||0px||false|false\u00bb global_colors_info=\u00bb{}\u00bb][et_pb_column type=\u00bb4_4&#8243; _builder_version=\u00bb4.25.2&#8243; _module_preset=\u00bbdefault\u00bb global_colors_info=\u00bb{}\u00bb][et_pb_text _builder_version=\u00bb4.25.2&#8243; _module_preset=\u00bbdefault\u00bb text_text_color=\u00bb#000000&#8243; background_color=\u00bb#b9a3ca\u00bb custom_padding=\u00bb15px|15px|15px|15px|true|true\u00bb global_colors_info=\u00bb{}\u00bb]<p><strong>\u00bfPor qu\u00e9 es importante lavarse las manos con jab\u00f3n?<\/strong><\/p>[\/et_pb_text][\/et_pb_column][\/et_pb_row][et_pb_row column_structure=\u00bb1_2,1_2&#8243; _builder_version=\u00bb4.25.2&#8243; _module_preset=\u00bbdefault\u00bb background_color=\u00bb#e9e1ed\u00bb global_colors_info=\u00bb{}\u00bb][et_pb_column type=\u00bb1_2&#8243; _builder_version=\u00bb4.25.2&#8243; _module_preset=\u00bbdefault\u00bb custom_padding=\u00bb0px|15px|0px|15px|true|true\u00bb global_colors_info=\u00bb{}\u00bb][et_pb_text _builder_version=\u00bb4.25.2&#8243; _module_preset=\u00bbdefault\u00bb text_text_color=\u00bb#000000&#8243; global_colors_info=\u00bb{}\u00bb]<p>Muchas personas tienen la mala costumbre de lavarse las manos solo con agua. Tal vez lav\u00e1rselas con agua elimina la suciedad, sin embargo, para eliminar microorganismos que causan enfermedades es importante utilizar jab\u00f3n.<\/p>[\/et_pb_text][\/et_pb_column][et_pb_column type=\u00bb1_2&#8243; _builder_version=\u00bb4.25.2&#8243; _module_preset=\u00bbdefault\u00bb custom_padding=\u00bb0px|15px|0px|15px|true|true\u00bb global_colors_info=\u00bb{}\u00bb][et_pb_image src=\u00bbhttp:\/\/www.ideafoodsafetyinnovation.com\/sitio\/wp-content\/uploads\/2024\/07\/ghd.png\u00bb _builder_version=\u00bb4.25.2&#8243; _module_preset=\u00bbdefault\u00bb hover_enabled=\u00bb0&#8243; global_colors_info=\u00bb{}\u00bb title_text=\u00bbghd\u00bb sticky_enabled=\u00bb0&#8243;][\/et_pb_image][\/et_pb_column][\/et_pb_row][et_pb_row _builder_version=\u00bb4.25.2&#8243; _module_preset=\u00bbdefault\u00bb custom_margin=\u00bb||0px||false|false\u00bb custom_padding=\u00bb||0px||false|false\u00bb global_colors_info=\u00bb{}\u00bb][et_pb_column type=\u00bb4_4&#8243; _builder_version=\u00bb4.25.2&#8243; _module_preset=\u00bbdefault\u00bb global_colors_info=\u00bb{}\u00bb][et_pb_text _builder_version=\u00bb4.25.2&#8243; _module_preset=\u00bbdefault\u00bb text_text_color=\u00bb#000000&#8243; background_color=\u00bb#b9a3ca\u00bb custom_padding=\u00bb15px|15px|15px|15px|true|true\u00bb global_colors_info=\u00bb{}\u00bb]<p><strong>Razones para lavarse las manos con jab\u00f3n<\/strong><\/p>[\/et_pb_text][\/et_pb_column][\/et_pb_row][et_pb_row column_structure=\u00bb1_2,1_2&#8243; _builder_version=\u00bb4.25.2&#8243; _module_preset=\u00bbdefault\u00bb background_color=\u00bb#e9e1ed\u00bb global_colors_info=\u00bb{}\u00bb][et_pb_column type=\u00bb1_2&#8243; _builder_version=\u00bb4.25.2&#8243; _module_preset=\u00bbdefault\u00bb custom_padding=\u00bb0px|15px|0px|15px|true|true\u00bb global_colors_info=\u00bb{}\u00bb][et_pb_text _builder_version=\u00bb4.25.2&#8243; _module_preset=\u00bbdefault\u00bb text_text_color=\u00bb#000000&#8243; global_colors_info=\u00bb{}\u00bb]<ul>\n<li>Lavarse las manos puede reducir las enfermedades diarreicas en un 30%.<\/li>\n<li>Lavarse las manos puede reducir las infecciones respiratorias agudas hasta en un 20%.<\/li>\n<\/ul>[\/et_pb_text][\/et_pb_column][et_pb_column type=\u00bb1_2&#8243; _builder_version=\u00bb4.25.2&#8243; _module_preset=\u00bbdefault\u00bb custom_padding=\u00bb0px|15px|0px|15px|true|true\u00bb global_colors_info=\u00bb{}\u00bb][et_pb_text _builder_version=\u00bb4.25.2&#8243; _module_preset=\u00bbdefault\u00bb text_text_color=\u00bb#000000&#8243; global_colors_info=\u00bb{}\u00bb]<ul>\n<li>La higiene de las manos protege contra infecciones asociadas a la atenci\u00f3n m\u00e9dica y reduce la propagaci\u00f3n de la resistencia a los antimicrobianos.<\/li>\n<li>La higiene de las manos puede contribuir a la reducci\u00f3n de las enfermedades tropicales desatendidas.<\/li>\n<\/ul>[\/et_pb_text][\/et_pb_column][\/et_pb_row][et_pb_row _builder_version=\u00bb4.25.2&#8243; _module_preset=\u00bbdefault\u00bb custom_margin=\u00bb||0px||false|false\u00bb custom_padding=\u00bb||0px||false|false\u00bb global_colors_info=\u00bb{}\u00bb][et_pb_column type=\u00bb4_4&#8243; _builder_version=\u00bb4.25.2&#8243; _module_preset=\u00bbdefault\u00bb global_colors_info=\u00bb{}\u00bb][et_pb_text _builder_version=\u00bb4.25.2&#8243; _module_preset=\u00bbdefault\u00bb text_text_color=\u00bb#000000&#8243; background_color=\u00bb#b9a3ca\u00bb custom_padding=\u00bb15px|15px|15px|15px|true|true\u00bb global_colors_info=\u00bb{}\u00bb]<p><strong>\u00bfC\u00f3mo se transmite las enfermedades a trav\u00e9s de las manos?<\/strong><\/p>[\/et_pb_text][\/et_pb_column][\/et_pb_row][et_pb_row _builder_version=\u00bb4.25.2&#8243; _module_preset=\u00bbdefault\u00bb background_color=\u00bb#e9e1ed\u00bb global_colors_info=\u00bb{}\u00bb][et_pb_column type=\u00bb4_4&#8243; _builder_version=\u00bb4.25.2&#8243; _module_preset=\u00bbdefault\u00bb custom_padding=\u00bb0px|15px|0px|15px|true|true\u00bb global_colors_info=\u00bb{}\u00bb][et_pb_text _builder_version=\u00bb4.25.2&#8243; _module_preset=\u00bbdefault\u00bb text_text_color=\u00bb#000000&#8243; global_colors_info=\u00bb{}\u00bb]<p>El lavado de manos con jab\u00f3n interrumpe la cadena de transmisi\u00f3n de enfermedades. Frecuentemente, las manos act\u00faan como vectores (agentes que sirven como medios de transmisi\u00f3n de un organismo a otro) que portan pat\u00f3genos causantes de enfermedades que se pueden contagiar de persona a persona, ya sea a trav\u00e9s del contacto directo o indirectamente mediante superficies.<\/p>\n<p>Cuando las personas no usan jab\u00f3n para lavarse las manos que han estado en contacto con heces humanas o de animales, con fluidos como secciones nasales y con alimentos o agua contaminados, pueden transmitir bacterias, virus y par\u00e1sitos a diversos hu\u00e9spedes, como se muestra en el siguiente diagrama de transmisi\u00f3n de enfermedades:<\/p>[\/et_pb_text][et_pb_image src=\u00bbhttp:\/\/www.ideafoodsafetyinnovation.com\/sitio\/wp-content\/uploads\/2024\/07\/Barrera-lavado-de-manos.jpg\u00bb _builder_version=\u00bb4.25.2&#8243; _module_preset=\u00bbdefault\u00bb hover_enabled=\u00bb0&#8243; global_colors_info=\u00bb{}\u00bb title_text=\u00bbBarrera-lavado-de-manos\u00bb align=\u00bbcenter\u00bb sticky_enabled=\u00bb0&#8243;][\/et_pb_image][\/et_pb_column][\/et_pb_row][et_pb_row _builder_version=\u00bb4.25.2&#8243; _module_preset=\u00bbdefault\u00bb custom_margin=\u00bb||0px||false|false\u00bb custom_padding=\u00bb||0px||false|false\u00bb global_colors_info=\u00bb{}\u00bb][et_pb_column type=\u00bb4_4&#8243; _builder_version=\u00bb4.25.2&#8243; _module_preset=\u00bbdefault\u00bb global_colors_info=\u00bb{}\u00bb][et_pb_text _builder_version=\u00bb4.25.2&#8243; _module_preset=\u00bbdefault\u00bb text_text_color=\u00bb#000000&#8243; background_color=\u00bb#b9a3ca\u00bb custom_padding=\u00bb15px|15px|15px|15px|true|true\u00bb global_colors_info=\u00bb{}\u00bb]<p><strong>\u00bfCu\u00e1l es la manera correcta de lavarse las manos?<\/strong><\/p>[\/et_pb_text][\/et_pb_column][\/et_pb_row][et_pb_row _builder_version=\u00bb4.25.2&#8243; _module_preset=\u00bbdefault\u00bb background_color=\u00bb#e9e1ed\u00bb global_colors_info=\u00bb{}\u00bb][et_pb_column type=\u00bb4_4&#8243; _builder_version=\u00bb4.25.2&#8243; _module_preset=\u00bbdefault\u00bb custom_padding=\u00bb0px|15px|0px|15px|true|true\u00bb global_colors_info=\u00bb{}\u00bb][et_pb_text _builder_version=\u00bb4.25.2&#8243; _module_preset=\u00bbdefault\u00bb text_text_color=\u00bb#000000&#8243; global_colors_info=\u00bb{}\u00bb]<p>El lavado de manos correcto requiere al menos jab\u00f3n y agua. Se recomienda seguir los siguientes pasos:<\/p>\n<ul>\n<li>Humedecerse las manos. Usar jab\u00f3n, de preferencia l\u00edquido.<\/li>\n<li>Tallar energ\u00e9ticamente las palmas, el dorso y entre los dedos de las manos.<\/li>\n<li>Lavarlas por lo menos 20 segundos, sin olvidar la mu\u00f1eca.*<\/li>\n<li>Enjuagar completamente.<\/li>\n<li>Secar las manos con papel desechable.<\/li>\n<li>Cerrar la llave del agua y abrir la puerta del ba\u00f1o con el mismo papel.<\/li>\n<\/ul>\n<p>\u00abLos manipuladores de alimentos pueden utilizar cepillo para el lavado de u\u00f1as. Este deber\u00e1 permanecer limpio y dentro de una soluci\u00f3n sanitizante mientras no se utiliza. Se recomienda utilizar gel sanitizante a base de alcohol al finalizar el procedimiento\u00bb.<\/p>[\/et_pb_text][\/et_pb_column][\/et_pb_row][et_pb_row _builder_version=\u00bb4.25.2&#8243; _module_preset=\u00bbdefault\u00bb custom_margin=\u00bb||0px||false|false\u00bb custom_padding=\u00bb||0px||false|false\u00bb global_colors_info=\u00bb{}\u00bb][et_pb_column type=\u00bb4_4&#8243; _builder_version=\u00bb4.25.2&#8243; _module_preset=\u00bbdefault\u00bb global_colors_info=\u00bb{}\u00bb][et_pb_text _builder_version=\u00bb4.25.2&#8243; _module_preset=\u00bbdefault\u00bb text_text_color=\u00bb#000000&#8243; background_color=\u00bb#b9a3ca\u00bb custom_padding=\u00bb15px|15px|15px|15px|true|true\u00bb global_colors_info=\u00bb{}\u00bb]<p><strong>\u00bfEl jab\u00f3n antibacterial es mejor que el normal?<\/strong><\/p>[\/et_pb_text][\/et_pb_column][\/et_pb_row][et_pb_row _builder_version=\u00bb4.25.2&#8243; _module_preset=\u00bbdefault\u00bb background_color=\u00bb#e9e1ed\u00bb global_colors_info=\u00bb{}\u00bb][et_pb_column type=\u00bb4_4&#8243; _builder_version=\u00bb4.25.2&#8243; _module_preset=\u00bbdefault\u00bb custom_padding=\u00bb0px|15px|0px|15px|true|true\u00bb global_colors_info=\u00bb{}\u00bb][et_pb_text _builder_version=\u00bb4.25.2&#8243; _module_preset=\u00bbdefault\u00bb text_text_color=\u00bb#000000&#8243; hover_enabled=\u00bb0&#8243; global_colors_info=\u00bb{}\u00bb sticky_enabled=\u00bb0&#8243;]<p>No. Ambos tipos de jabones son igualmente efectivos para eliminar microorganismos, si el procedimiento de lavado de manos se realiza correctamente.<\/p>\n<p>A la mayor\u00eda de los productos antibacteriales, como jabones antibacteriales l\u00edquidos o en barra, se les adiciona una sustancia que se llama Triclosan o Triclocarban. Es posible saber si el jab\u00f3n, la pasta de dientes o los cosm\u00e9ticos lo contienen revisando la etiqueta del producto.<\/p>\n<p>Desde el 2013 la FDA prohibi\u00f3 el uso de estas dos sustancias en jabones y otros productos ya que los fabricantes no pudieron demostrar que su uso a largo plazo es seguro, ni m\u00e1s eficaz que el jab\u00f3n tradicional y el agua para la prevenci\u00f3n y la propagaci\u00f3n de ciertas enfermedades. Adem\u00e1s, la FDA dio a conocer en el 2013 datos que indican que, a largo plazo, la exposici\u00f3n al triclos\u00e1n (en jabones l\u00edquidos) y triclocarb\u00e1n (en jabones en barra) podr\u00eda representar riesgos para la salud, como resistencia bacteriana o efectos hormonales.<\/p>\n<p>La clave para evitar enfermedades no es el tipo jab\u00f3n, sino realizar el procedimiento correcto de lavado de manos, en el momento necesario.<\/p>[\/et_pb_text][\/et_pb_column][\/et_pb_row][et_pb_row _builder_version=\u00bb4.25.2&#8243; _module_preset=\u00bbdefault\u00bb custom_margin=\u00bb||0px||false|false\u00bb custom_padding=\u00bb||0px||false|false\u00bb global_colors_info=\u00bb{}\u00bb][et_pb_column type=\u00bb4_4&#8243; _builder_version=\u00bb4.25.2&#8243; _module_preset=\u00bbdefault\u00bb global_colors_info=\u00bb{}\u00bb][et_pb_text _builder_version=\u00bb4.25.2&#8243; _module_preset=\u00bbdefault\u00bb text_text_color=\u00bb#000000&#8243; background_color=\u00bb#b9a3ca\u00bb custom_padding=\u00bb15px|15px|15px|15px|true|true\u00bb hover_enabled=\u00bb0&#8243; global_colors_info=\u00bb{}\u00bb sticky_enabled=\u00bb0&#8243;]<p><strong>Entonces, \u00bfAyuda el gel sanitizante?<\/strong><\/p>[\/et_pb_text][\/et_pb_column][\/et_pb_row][et_pb_row _builder_version=\u00bb4.25.2&#8243; _module_preset=\u00bbdefault\u00bb background_color=\u00bb#e9e1ed\u00bb global_colors_info=\u00bb{}\u00bb][et_pb_column type=\u00bb4_4&#8243; _builder_version=\u00bb4.25.2&#8243; _module_preset=\u00bbdefault\u00bb custom_padding=\u00bb0px|15px|0px|15px|true|true\u00bb global_colors_info=\u00bb{}\u00bb][et_pb_text _builder_version=\u00bb4.25.2&#8243; _module_preset=\u00bbdefault\u00bb text_text_color=\u00bb#000000&#8243; hover_enabled=\u00bb0&#8243; global_colors_info=\u00bb{}\u00bb sticky_enabled=\u00bb0&#8243;]<p>El gel sanitizante tambi\u00e9n contiene una sustancia microbicida, pero en este caso es alcohol. El alcohol se considera un antis\u00e9ptico m\u00e1s seguro, pues el alcohol no hace que los microorganismos creen resistencia a los antibi\u00f3ticos.<\/p>\n<p>Es importante recalcar que el gel sanitizante no reemplaza el lavado de manos. \u00danicamente ayuda a complementarlo, ayudando a eliminar los microorganismos que pudieron haber quedado una vez finalizado el procedimiento.<\/p>[\/et_pb_text][\/et_pb_column][\/et_pb_row][et_pb_row _builder_version=\u00bb4.25.2&#8243; _module_preset=\u00bbdefault\u00bb custom_margin=\u00bb||0px||false|false\u00bb custom_padding=\u00bb||0px||false|false\u00bb global_colors_info=\u00bb{}\u00bb][et_pb_column type=\u00bb4_4&#8243; _builder_version=\u00bb4.25.2&#8243; _module_preset=\u00bbdefault\u00bb global_colors_info=\u00bb{}\u00bb][et_pb_text _builder_version=\u00bb4.25.2&#8243; _module_preset=\u00bbdefault\u00bb text_text_color=\u00bb#000000&#8243; custom_padding=\u00bb15px|15px|15px|15px|true|true\u00bb hover_enabled=\u00bb0&#8243; global_colors_info=\u00bb{}\u00bb sticky_enabled=\u00bb0&#8243; border_width_all=\u00bb1px\u00bb border_color_all=\u00bb#b9a3ca\u00bb]<p><strong>DATO INTERESANTE<\/strong><\/p>\n<p>En 2020, el 71% de las personas ten\u00eda acceso a instalaciones b\u00e1sicas para lavarse las manos. Sin embargo, 2,300 millones de personas carec\u00edan de servicios b\u00e1sicos, incluidos 670 millones de personas que no ten\u00edan instalaciones para lavarse las manos. M\u00e1s de la mitad de estas personas (374 millones) viven en contextos fr\u00e1giles. El acceso al jab\u00f3n a nivel dom\u00e9stico tambi\u00e9n es menor en estos contextos fr\u00e1giles. Las tasas de cambio en el acceso a instalaciones para lavarse las manos han sido lentas, aumentando solo un 4% entre 2015 y 2020.<\/p>[\/et_pb_text][\/et_pb_column][\/et_pb_row][et_pb_row _builder_version=\u00bb4.25.2&#8243; _module_preset=\u00bbdefault\u00bb custom_margin=\u00bb||0px||false|false\u00bb custom_padding=\u00bb||0px||false|false\u00bb global_colors_info=\u00bb{}\u00bb][et_pb_column type=\u00bb4_4&#8243; _builder_version=\u00bb4.25.2&#8243; _module_preset=\u00bbdefault\u00bb global_colors_info=\u00bb{}\u00bb][et_pb_text _builder_version=\u00bb4.25.2&#8243; _module_preset=\u00bbdefault\u00bb text_text_color=\u00bb#000000&#8243; background_color=\u00bb#b9a3ca\u00bb custom_padding=\u00bb15px|15px|15px|15px|true|true\u00bb hover_enabled=\u00bb0&#8243; global_colors_info=\u00bb{}\u00bb sticky_enabled=\u00bb0&#8243;]<p><strong>\u00bfC\u00f3mo participar como empresa en el d\u00eda mundial del lavado de manos?<\/strong><\/p>[\/et_pb_text][\/et_pb_column][\/et_pb_row][et_pb_row _builder_version=\u00bb4.25.2&#8243; _module_preset=\u00bbdefault\u00bb background_color=\u00bb#e9e1ed\u00bb global_colors_info=\u00bb{}\u00bb][et_pb_column type=\u00bb4_4&#8243; _builder_version=\u00bb4.25.2&#8243; _module_preset=\u00bbdefault\u00bb custom_padding=\u00bb0px|15px|0px|15px|true|true\u00bb global_colors_info=\u00bb{}\u00bb][et_pb_text _builder_version=\u00bb4.25.2&#8243; _module_preset=\u00bbdefault\u00bb text_text_color=\u00bb#000000&#8243; hover_enabled=\u00bb0&#8243; global_colors_info=\u00bb{}\u00bb sticky_enabled=\u00bb0&#8243;]<p>Es recomendable que a\u00f1o tras a\u00f1o se lleven a cabo actividades que se realizaran en torno al D\u00eda Mundial del Lavado de Manos. As\u00ed mismo, es muy importante que esas actividades sean monitoreadas y se verifique su cumplimiento.<\/p>[\/et_pb_text][\/et_pb_column][\/et_pb_row][et_pb_row _builder_version=\u00bb4.25.2&#8243; _module_preset=\u00bbdefault\u00bb custom_margin=\u00bb||0px||false|false\u00bb custom_padding=\u00bb||0px||false|false\u00bb global_colors_info=\u00bb{}\u00bb][et_pb_column type=\u00bb4_4&#8243; _builder_version=\u00bb4.25.2&#8243; _module_preset=\u00bbdefault\u00bb global_colors_info=\u00bb{}\u00bb][et_pb_text _builder_version=\u00bb4.25.2&#8243; _module_preset=\u00bbdefault\u00bb text_text_color=\u00bb#000000&#8243; background_color=\u00bb#b9a3ca\u00bb custom_padding=\u00bb15px|15px|15px|15px|true|true\u00bb hover_enabled=\u00bb0&#8243; global_colors_info=\u00bb{}\u00bb sticky_enabled=\u00bb0&#8243;]<p><strong>Algunas sugerencias son las siguientes:<\/strong><\/p>[\/et_pb_text][\/et_pb_column][\/et_pb_row][et_pb_row _builder_version=\u00bb4.25.2&#8243; _module_preset=\u00bbdefault\u00bb background_color=\u00bb#e9e1ed\u00bb global_colors_info=\u00bb{}\u00bb][et_pb_column type=\u00bb4_4&#8243; _builder_version=\u00bb4.25.2&#8243; _module_preset=\u00bbdefault\u00bb custom_padding=\u00bb0px|15px|0px|15px|true|true\u00bb global_colors_info=\u00bb{}\u00bb][et_pb_text _builder_version=\u00bb4.25.2&#8243; _module_preset=\u00bbdefault\u00bb text_text_color=\u00bb#000000&#8243; hover_enabled=\u00bb0&#8243; global_colors_info=\u00bb{}\u00bb sticky_enabled=\u00bb0&#8243;]<ul>\n<li>Proveer y\/o mejorar las instalaciones sanitarias para que sean suficientes y adecuadas (servicio de agua suficiente, jab\u00f3n, papel secante, bote de basura, instrucciones de lavado de manos, como m\u00ednimo).<\/li>\n<li>Conmemorar el D\u00eda Mundial del Lavado de Manos durante una semana o mes previo o posterior al d\u00eda 15 de octubre.<\/li>\n<li>Mostrar estad\u00edsticas, videos, datos de muertes y enfermedades relacionadas a la falta de un lavado de manos.<\/li>\n<li>Mostrar ejemplos de logros, cumplimiento de metas, mejoras realizadas en comunidades o en las mismas instalaciones con mensajes positivos como \u00abpodemos hacerlo\u00bb o \u00ablo logramos juntos\u00bb.<\/li>\n<li>Realizar campa\u00f1as internas de concientizaci\u00f3n, actividades din\u00e1micas de integraci\u00f3n para practicar el lavado de manos, concursos en equipos (de canciones, de pancartas, de porras), y mostrar los resultados e incentivar a los ganadores o a los de mejor desempe\u00f1o.<\/li>\n<li>Invitar a profesionales de la salud o expertos en la materia a dar pl\u00e1ticas informativas al personal.<\/li>\n<li>Colocar carteles, fotograf\u00edas y material visual alusivo a este d\u00eda y al procedimiento correcto de lavado de manos. Puede descargar algunos posters en las siguientes p\u00e1ginas: <a href=\"http:\/\/www.unicef.org\/spanish,\">www.unicef.org\/spanish,<\/a> <a href=\"http:\/\/www.globalhandwashing.com,\">www.globalhandwashing.com,<\/a> o <a href=\"http:\/\/www.cdc.gov\/handwashing\">www.cdc.gov\/handwashing<\/a>.<\/li>\n<li>Llamar a la prensa o a los peri\u00f3dicos para que cubran las actividades que est\u00e1 realizando la empresa y darle a conocer a la sociedad como a la empresa participa en la celebraci\u00f3n.<\/li>\n<li>Imprimir este Newsletter y organizar reuniones con el personal para discutir sobre la informaci\u00f3n que este contiene.<\/li>\n<\/ul>[\/et_pb_text][\/et_pb_column][\/et_pb_row][et_pb_row _builder_version=\u00bb4.25.2&#8243; _module_preset=\u00bbdefault\u00bb custom_margin=\u00bb||0px||false|false\u00bb custom_padding=\u00bb||0px||false|false\u00bb global_colors_info=\u00bb{}\u00bb][et_pb_column type=\u00bb4_4&#8243; _builder_version=\u00bb4.25.2&#8243; _module_preset=\u00bbdefault\u00bb global_colors_info=\u00bb{}\u00bb][et_pb_text _builder_version=\u00bb4.25.2&#8243; _module_preset=\u00bbdefault\u00bb text_text_color=\u00bb#000000&#8243; custom_padding=\u00bb15px|15px|15px|15px|true|true\u00bb hover_enabled=\u00bb0&#8243; global_colors_info=\u00bb{}\u00bb sticky_enabled=\u00bb0&#8243; border_width_all=\u00bb1px\u00bb border_color_all=\u00bb#b9a3ca\u00bb]<p>Un estudio demostr\u00f3 que lavarse las manos regularmente con jab\u00f3n puede reducir la probabilidad de infecci\u00f3n por COVID-19 en un 36% y por otro se descubri\u00f3 que lavarse las manos antes de regresar y tocarse la cara puede reducir la probabilidad de infecci\u00f3n en un 2-30%.<\/p>\n<p>Si bien, el lavado de manos contin\u00faa practic\u00e1ndose en un nivel mayor, en comparaci\u00f3n con antes de la pandemia, hay inicios de que el comportamiento ya est\u00e1 comenzando a disminuir. Hay varias razones para esto:<\/p>\n<ul>\n<li>Se sabe por brotes anteriores que el miedo normalmente solo act\u00faa como motivador a corto plazo para el comportamiento, y la dependencia del miedo para impulsar el comportamiento puede tener consecuencias adversas.<\/li>\n<li>El lavado de manos puede considerarse una prioridad menos personal que otras medidas de prevenci\u00f3n de COVID-19, ya que el cumplimiento no siempre es tan visiblemente obvio (por ejemplo, en comparaci\u00f3n con el uso de mascarillas) y es m\u00e1s probable que se vea afectado por otros factores.<\/li>\n<li>La duraci\u00f3n de la pandemia ha provocado fatiga relacionada con los mensajes en torno a las medidas de prevenci\u00f3n.<\/li>\n<li>A medida que se aplican otras medidas preventivas (como la vacunaci\u00f3n), el riesgo percibido puede disminuir y medidas como lavarse las manos pueden verse como menos esenciales.<\/li>\n<\/ul>[\/et_pb_text][\/et_pb_column][\/et_pb_row][\/et_pb_section]\n","protected":false},"excerpt":{"rendered":"<p>El D\u00eda Mundial del Lavado de Manos es un d\u00eda mundial de promoci\u00f3n dedicado a aumentar la conciencia sobre la importancia de la higiene de manos y a desencadenar un cambio duradero desde el nivel de pol\u00edticas hasta la acci\u00f3n impulsada por la comunidad. El tema de este a\u00f1o 2021, propuesto por la organizaci\u00f3n Global [&hellip;]<\/p>\n","protected":false},"author":1,"featured_media":3579,"comment_status":"open","ping_status":"open","sticky":false,"template":"","format":"standard","meta":{"_et_pb_use_builder":"on","_et_pb_old_content":"","_et_gb_content_width":"1080","footnotes":""},"categories":[39],"tags":[],"class_list":["post-3561","post","type-post","status-publish","format-standard","has-post-thumbnail","hentry","category-tendencias"],"yoast_head":"<!-- This site is optimized with the Yoast SEO plugin v25.3.1 - https:\/\/yoast.com\/wordpress\/plugins\/seo\/ -->\n<title>15 de Octubre: D\u00eda Mundial del Lavado de Manos - FSI<\/title>\n<meta name=\"robots\" content=\"index, follow, max-snippet:-1, max-image-preview:large, max-video-preview:-1\" \/>\n<link rel=\"canonical\" href=\"http:\/\/www.ideafoodsafetyinnovation.com\/sitio\/tendencias\/15-de-octubre-dia-mundial-del-lavado-de-manos\/\" \/>\n<meta property=\"og:locale\" content=\"es_ES\" \/>\n<meta property=\"og:type\" content=\"article\" \/>\n<meta property=\"og:title\" content=\"15 de Octubre: D\u00eda Mundial del Lavado de Manos - FSI\" \/>\n<meta property=\"og:description\" content=\"El D\u00eda Mundial del Lavado de Manos es un d\u00eda mundial de promoci\u00f3n dedicado a aumentar la conciencia sobre la importancia de la higiene de manos y a desencadenar un cambio duradero desde el nivel de pol\u00edticas hasta la acci\u00f3n impulsada por la comunidad. El tema de este a\u00f1o 2021, propuesto por la organizaci\u00f3n Global [&hellip;]\" \/>\n<meta property=\"og:url\" content=\"http:\/\/www.ideafoodsafetyinnovation.com\/sitio\/tendencias\/15-de-octubre-dia-mundial-del-lavado-de-manos\/\" \/>\n<meta property=\"og:site_name\" content=\"FSI\" \/>\n<meta property=\"article:published_time\" content=\"2024-07-02T17:39:02+00:00\" \/>\n<meta property=\"article:modified_time\" content=\"2024-07-03T17:19:54+00:00\" \/>\n<meta property=\"og:image\" content=\"http:\/\/www.ideafoodsafetyinnovation.com\/sitio\/wp-content\/uploads\/2024\/07\/lavado-de-manos-img.jpg\" \/>\n\t<meta property=\"og:image:width\" content=\"1200\" \/>\n\t<meta property=\"og:image:height\" content=\"800\" \/>\n\t<meta property=\"og:image:type\" content=\"image\/jpeg\" \/>\n<meta name=\"author\" content=\"admin\" \/>\n<meta name=\"twitter:card\" content=\"summary_large_image\" \/>\n<meta name=\"twitter:label1\" content=\"Escrito por\" \/>\n\t<meta name=\"twitter:data1\" content=\"admin\" \/>\n\t<meta name=\"twitter:label2\" content=\"Tiempo de lectura\" \/>\n\t<meta name=\"twitter:data2\" content=\"18 minutos\" \/>\n<script type=\"application\/ld+json\" class=\"yoast-schema-graph\">{\"@context\":\"https:\/\/schema.org\",\"@graph\":[{\"@type\":\"WebPage\",\"@id\":\"http:\/\/www.ideafoodsafetyinnovation.com\/sitio\/tendencias\/15-de-octubre-dia-mundial-del-lavado-de-manos\/\",\"url\":\"http:\/\/www.ideafoodsafetyinnovation.com\/sitio\/tendencias\/15-de-octubre-dia-mundial-del-lavado-de-manos\/\",\"name\":\"15 de Octubre: D\u00eda Mundial del Lavado de Manos - FSI\",\"isPartOf\":{\"@id\":\"https:\/\/www.ideafoodsafetyinnovation.com\/sitio\/#website\"},\"primaryImageOfPage\":{\"@id\":\"http:\/\/www.ideafoodsafetyinnovation.com\/sitio\/tendencias\/15-de-octubre-dia-mundial-del-lavado-de-manos\/#primaryimage\"},\"image\":{\"@id\":\"http:\/\/www.ideafoodsafetyinnovation.com\/sitio\/tendencias\/15-de-octubre-dia-mundial-del-lavado-de-manos\/#primaryimage\"},\"thumbnailUrl\":\"https:\/\/www.ideafoodsafetyinnovation.com\/sitio\/wp-content\/uploads\/2024\/07\/lavado-de-manos-img.jpg\",\"datePublished\":\"2024-07-02T17:39:02+00:00\",\"dateModified\":\"2024-07-03T17:19:54+00:00\",\"author\":{\"@id\":\"https:\/\/www.ideafoodsafetyinnovation.com\/sitio\/#\/schema\/person\/5d4a76887bbc063038717d70d0db944f\"},\"breadcrumb\":{\"@id\":\"http:\/\/www.ideafoodsafetyinnovation.com\/sitio\/tendencias\/15-de-octubre-dia-mundial-del-lavado-de-manos\/#breadcrumb\"},\"inLanguage\":\"es\",\"potentialAction\":[{\"@type\":\"ReadAction\",\"target\":[\"http:\/\/www.ideafoodsafetyinnovation.com\/sitio\/tendencias\/15-de-octubre-dia-mundial-del-lavado-de-manos\/\"]}]},{\"@type\":\"ImageObject\",\"inLanguage\":\"es\",\"@id\":\"http:\/\/www.ideafoodsafetyinnovation.com\/sitio\/tendencias\/15-de-octubre-dia-mundial-del-lavado-de-manos\/#primaryimage\",\"url\":\"https:\/\/www.ideafoodsafetyinnovation.com\/sitio\/wp-content\/uploads\/2024\/07\/lavado-de-manos-img.jpg\",\"contentUrl\":\"https:\/\/www.ideafoodsafetyinnovation.com\/sitio\/wp-content\/uploads\/2024\/07\/lavado-de-manos-img.jpg\",\"width\":1200,\"height\":800},{\"@type\":\"BreadcrumbList\",\"@id\":\"http:\/\/www.ideafoodsafetyinnovation.com\/sitio\/tendencias\/15-de-octubre-dia-mundial-del-lavado-de-manos\/#breadcrumb\",\"itemListElement\":[{\"@type\":\"ListItem\",\"position\":1,\"name\":\"Portada\",\"item\":\"https:\/\/www.ideafoodsafetyinnovation.com\/sitio\/\"},{\"@type\":\"ListItem\",\"position\":2,\"name\":\"15 de Octubre: D\u00eda Mundial del Lavado de Manos\"}]},{\"@type\":\"WebSite\",\"@id\":\"https:\/\/www.ideafoodsafetyinnovation.com\/sitio\/#website\",\"url\":\"https:\/\/www.ideafoodsafetyinnovation.com\/sitio\/\",\"name\":\"FSI\",\"description\":\"Cursos\",\"potentialAction\":[{\"@type\":\"SearchAction\",\"target\":{\"@type\":\"EntryPoint\",\"urlTemplate\":\"https:\/\/www.ideafoodsafetyinnovation.com\/sitio\/?s={search_term_string}\"},\"query-input\":{\"@type\":\"PropertyValueSpecification\",\"valueRequired\":true,\"valueName\":\"search_term_string\"}}],\"inLanguage\":\"es\"},{\"@type\":\"Person\",\"@id\":\"https:\/\/www.ideafoodsafetyinnovation.com\/sitio\/#\/schema\/person\/5d4a76887bbc063038717d70d0db944f\",\"name\":\"admin\",\"image\":{\"@type\":\"ImageObject\",\"inLanguage\":\"es\",\"@id\":\"https:\/\/www.ideafoodsafetyinnovation.com\/sitio\/#\/schema\/person\/image\/\",\"url\":\"https:\/\/secure.gravatar.com\/avatar\/d8751e89efb823fa006398a1963242adab9412521e177e2d48154781c5dd6f80?s=96&d=mm&r=g\",\"contentUrl\":\"https:\/\/secure.gravatar.com\/avatar\/d8751e89efb823fa006398a1963242adab9412521e177e2d48154781c5dd6f80?s=96&d=mm&r=g\",\"caption\":\"admin\"},\"sameAs\":[\"http:\/\/www.portalmedia.com.mx\/fsi\"],\"url\":\"https:\/\/www.ideafoodsafetyinnovation.com\/sitio\/author\/admin\/\"}]}<\/script>\n<!-- \/ Yoast SEO plugin. -->","yoast_head_json":{"title":"15 de Octubre: D\u00eda Mundial del Lavado de Manos - FSI","robots":{"index":"index","follow":"follow","max-snippet":"max-snippet:-1","max-image-preview":"max-image-preview:large","max-video-preview":"max-video-preview:-1"},"canonical":"http:\/\/www.ideafoodsafetyinnovation.com\/sitio\/tendencias\/15-de-octubre-dia-mundial-del-lavado-de-manos\/","og_locale":"es_ES","og_type":"article","og_title":"15 de Octubre: D\u00eda Mundial del Lavado de Manos - FSI","og_description":"El D\u00eda Mundial del Lavado de Manos es un d\u00eda mundial de promoci\u00f3n dedicado a aumentar la conciencia sobre la importancia de la higiene de manos y a desencadenar un cambio duradero desde el nivel de pol\u00edticas hasta la acci\u00f3n impulsada por la comunidad. El tema de este a\u00f1o 2021, propuesto por la organizaci\u00f3n Global [&hellip;]","og_url":"http:\/\/www.ideafoodsafetyinnovation.com\/sitio\/tendencias\/15-de-octubre-dia-mundial-del-lavado-de-manos\/","og_site_name":"FSI","article_published_time":"2024-07-02T17:39:02+00:00","article_modified_time":"2024-07-03T17:19:54+00:00","og_image":[{"width":1200,"height":800,"url":"http:\/\/www.ideafoodsafetyinnovation.com\/sitio\/wp-content\/uploads\/2024\/07\/lavado-de-manos-img.jpg","type":"image\/jpeg"}],"author":"admin","twitter_card":"summary_large_image","twitter_misc":{"Escrito por":"admin","Tiempo de lectura":"18 minutos"},"schema":{"@context":"https:\/\/schema.org","@graph":[{"@type":"WebPage","@id":"http:\/\/www.ideafoodsafetyinnovation.com\/sitio\/tendencias\/15-de-octubre-dia-mundial-del-lavado-de-manos\/","url":"http:\/\/www.ideafoodsafetyinnovation.com\/sitio\/tendencias\/15-de-octubre-dia-mundial-del-lavado-de-manos\/","name":"15 de Octubre: D\u00eda Mundial del Lavado de Manos - FSI","isPartOf":{"@id":"https:\/\/www.ideafoodsafetyinnovation.com\/sitio\/#website"},"primaryImageOfPage":{"@id":"http:\/\/www.ideafoodsafetyinnovation.com\/sitio\/tendencias\/15-de-octubre-dia-mundial-del-lavado-de-manos\/#primaryimage"},"image":{"@id":"http:\/\/www.ideafoodsafetyinnovation.com\/sitio\/tendencias\/15-de-octubre-dia-mundial-del-lavado-de-manos\/#primaryimage"},"thumbnailUrl":"https:\/\/www.ideafoodsafetyinnovation.com\/sitio\/wp-content\/uploads\/2024\/07\/lavado-de-manos-img.jpg","datePublished":"2024-07-02T17:39:02+00:00","dateModified":"2024-07-03T17:19:54+00:00","author":{"@id":"https:\/\/www.ideafoodsafetyinnovation.com\/sitio\/#\/schema\/person\/5d4a76887bbc063038717d70d0db944f"},"breadcrumb":{"@id":"http:\/\/www.ideafoodsafetyinnovation.com\/sitio\/tendencias\/15-de-octubre-dia-mundial-del-lavado-de-manos\/#breadcrumb"},"inLanguage":"es","potentialAction":[{"@type":"ReadAction","target":["http:\/\/www.ideafoodsafetyinnovation.com\/sitio\/tendencias\/15-de-octubre-dia-mundial-del-lavado-de-manos\/"]}]},{"@type":"ImageObject","inLanguage":"es","@id":"http:\/\/www.ideafoodsafetyinnovation.com\/sitio\/tendencias\/15-de-octubre-dia-mundial-del-lavado-de-manos\/#primaryimage","url":"https:\/\/www.ideafoodsafetyinnovation.com\/sitio\/wp-content\/uploads\/2024\/07\/lavado-de-manos-img.jpg","contentUrl":"https:\/\/www.ideafoodsafetyinnovation.com\/sitio\/wp-content\/uploads\/2024\/07\/lavado-de-manos-img.jpg","width":1200,"height":800},{"@type":"BreadcrumbList","@id":"http:\/\/www.ideafoodsafetyinnovation.com\/sitio\/tendencias\/15-de-octubre-dia-mundial-del-lavado-de-manos\/#breadcrumb","itemListElement":[{"@type":"ListItem","position":1,"name":"Portada","item":"https:\/\/www.ideafoodsafetyinnovation.com\/sitio\/"},{"@type":"ListItem","position":2,"name":"15 de Octubre: D\u00eda Mundial del Lavado de Manos"}]},{"@type":"WebSite","@id":"https:\/\/www.ideafoodsafetyinnovation.com\/sitio\/#website","url":"https:\/\/www.ideafoodsafetyinnovation.com\/sitio\/","name":"FSI","description":"Cursos","potentialAction":[{"@type":"SearchAction","target":{"@type":"EntryPoint","urlTemplate":"https:\/\/www.ideafoodsafetyinnovation.com\/sitio\/?s={search_term_string}"},"query-input":{"@type":"PropertyValueSpecification","valueRequired":true,"valueName":"search_term_string"}}],"inLanguage":"es"},{"@type":"Person","@id":"https:\/\/www.ideafoodsafetyinnovation.com\/sitio\/#\/schema\/person\/5d4a76887bbc063038717d70d0db944f","name":"admin","image":{"@type":"ImageObject","inLanguage":"es","@id":"https:\/\/www.ideafoodsafetyinnovation.com\/sitio\/#\/schema\/person\/image\/","url":"https:\/\/secure.gravatar.com\/avatar\/d8751e89efb823fa006398a1963242adab9412521e177e2d48154781c5dd6f80?s=96&d=mm&r=g","contentUrl":"https:\/\/secure.gravatar.com\/avatar\/d8751e89efb823fa006398a1963242adab9412521e177e2d48154781c5dd6f80?s=96&d=mm&r=g","caption":"admin"},"sameAs":["http:\/\/www.portalmedia.com.mx\/fsi"],"url":"https:\/\/www.ideafoodsafetyinnovation.com\/sitio\/author\/admin\/"}]}},"_links":{"self":[{"href":"https:\/\/www.ideafoodsafetyinnovation.com\/sitio\/wp-json\/wp\/v2\/posts\/3561","targetHints":{"allow":["GET"]}}],"collection":[{"href":"https:\/\/www.ideafoodsafetyinnovation.com\/sitio\/wp-json\/wp\/v2\/posts"}],"about":[{"href":"https:\/\/www.ideafoodsafetyinnovation.com\/sitio\/wp-json\/wp\/v2\/types\/post"}],"author":[{"embeddable":true,"href":"https:\/\/www.ideafoodsafetyinnovation.com\/sitio\/wp-json\/wp\/v2\/users\/1"}],"replies":[{"embeddable":true,"href":"https:\/\/www.ideafoodsafetyinnovation.com\/sitio\/wp-json\/wp\/v2\/comments?post=3561"}],"version-history":[{"count":9,"href":"https:\/\/www.ideafoodsafetyinnovation.com\/sitio\/wp-json\/wp\/v2\/posts\/3561\/revisions"}],"predecessor-version":[{"id":3580,"href":"https:\/\/www.ideafoodsafetyinnovation.com\/sitio\/wp-json\/wp\/v2\/posts\/3561\/revisions\/3580"}],"wp:featuredmedia":[{"embeddable":true,"href":"https:\/\/www.ideafoodsafetyinnovation.com\/sitio\/wp-json\/wp\/v2\/media\/3579"}],"wp:attachment":[{"href":"https:\/\/www.ideafoodsafetyinnovation.com\/sitio\/wp-json\/wp\/v2\/media?parent=3561"}],"wp:term":[{"taxonomy":"category","embeddable":true,"href":"https:\/\/www.ideafoodsafetyinnovation.com\/sitio\/wp-json\/wp\/v2\/categories?post=3561"},{"taxonomy":"post_tag","embeddable":true,"href":"https:\/\/www.ideafoodsafetyinnovation.com\/sitio\/wp-json\/wp\/v2\/tags?post=3561"}],"curies":[{"name":"wp","href":"https:\/\/api.w.org\/{rel}","templated":true}]}}